{"id":1632,"date":"2024-05-17T17:54:48","date_gmt":"2024-05-17T15:54:48","guid":{"rendered":"https:\/\/consriodejaneiro.esteri.it\/?p=1632"},"modified":"2024-05-17T21:39:35","modified_gmt":"2024-05-17T19:39:35","slug":"reabertura-dos-agendamentos-canceladas-servico-cidadania","status":"publish","type":"post","link":"https:\/\/consriodejaneiro.esteri.it\/br\/news\/dal_consolato\/2024\/05\/reabertura-dos-agendamentos-canceladas-servico-cidadania\/","title":{"rendered":"ABERTURA DE NOVOS AGENDAMENTOS SERVI\u00c7O CIDADANIA. MAIO &#8211; DEZEMBRO 2024"},"content":{"rendered":"<p>Informamos que <b>foram abertas novas <\/b><span class=\"jCAhz ChMk0b\"><span class=\"ryNqvb\"><strong>vagas no<\/strong>\u00a0<a href=\"https:\/\/prenotami.esteri.it\/\">Prenot@mi<\/a>\u00a0 para apresenta\u00e7\u00e3o de pedidos de cidadania por descend\u00eancia para o per\u00edodo Maio &#8211; Dezembro 2024.<\/span><\/span><\/p>\n<div class=\"QcsUad BDJ8fb BLojaf sMVRZe wneUed\">\n<div class=\"usGWQd\">\n<div><span style=\"text-decoration: underline;\"><strong>ATEN\u00c7\u00c3O<\/strong><\/span><\/div>\n<div>Por gentileza <strong>antes<\/strong> de fazer o agendamento<span style=\"text-decoration: underline;\"> controlar se tem toda a documenta\u00e7\u00e3o completa para o requerimento da cidadania<\/span>, caso contrario as demandas n\u00e3o ser\u00e3o aceitas.<\/div>\n<div>Al\u00e9m disso ir\u00e3o prejudicar outras pessoas que j\u00e1 est\u00e3o com a\u00a0 documenta\u00e7\u00e3o pronta.<\/div>\n<\/div>\n<div><\/div>\n<div><strong>Documentos:<\/strong><\/div>\n<div>\n<ul>\n<li><a href=\"https:\/\/consriodejaneiro.esteri.it\/wp-content\/uploads\/2023\/11\/albero_genealogico_pdf.pdf\">albero_genealogico_pdf<\/a><\/li>\n<li><a class=\"focus--mouse\" href=\"https:\/\/consriodejaneiro.esteri.it\/wp-content\/uploads\/2023\/11\/cittadinanza_dichiarazione_sostitutiva_di_certificazione_new-1.pdf\" data-focus-mouse=\"true\">Formulario de pedido\u00a0 (Modulo di richiesta)\u00a0<\/a><\/li>\n<li>Copia de um documento valido com foto<\/li>\n<li>Comprovante de resid\u00eancia<\/li>\n<\/ul>\n<\/div>\n<div><a href=\"https:\/\/consriodejaneiro.esteri.it\/br\/servizi-consolari-e-visti\/servizi-per-il-cittadino-straniero\/cittadinanza\/agendamento-cidadania-iure-sanguinis-e-filhos-diretos\/\">Agendamento cidadania iure sanguinis \u2013 Consolato Generale d&#8217;Italia Rio de Janeiro (esteri.it)<\/a><\/div>\n<\/div>\n<div><\/div>\n","protected":false},"excerpt":{"rendered":"Informamos que foram abertas novas vagas no\u00a0Prenot@mi\u00a0 para apresenta\u00e7\u00e3o de pedidos de cidadania por descend\u00eancia para o per\u00edodo Maio &#8211; Dezembro 2024. ATEN\u00c7\u00c3O Por gentileza antes de fazer o agendamento controlar se tem toda a documenta\u00e7\u00e3o completa para o requerimento da cidadania, caso contrario as demandas n\u00e3o ser\u00e3o aceitas. Al\u00e9m disso ir\u00e3o prejudicar outras pessoas [&hellip;]","protected":false},"author":6,"featured_media":1049,"comment_status":"closed","ping_status":"closed","sticky":true,"template":"","format":"standard","meta":{"footnotes":""},"tags":[],"class_list":["post-1632","post","type-post","status-publish","format-standard","has-post-thumbnail","hentry"],"_links":{"self":[{"href":"https:\/\/consriodejaneiro.esteri.it\/br\/wp-json\/wp\/v2\/posts\/1632","targetHints":{"allow":["GET"]}}],"collection":[{"href":"https:\/\/consriodejaneiro.esteri.it\/br\/wp-json\/wp\/v2\/posts"}],"about":[{"href":"https:\/\/consriodejaneiro.esteri.it\/br\/wp-json\/wp\/v2\/types\/post"}],"author":[{"embeddable":true,"href":"https:\/\/consriodejaneiro.esteri.it\/br\/wp-json\/wp\/v2\/users\/6"}],"replies":[{"embeddable":true,"href":"https:\/\/consriodejaneiro.esteri.it\/br\/wp-json\/wp\/v2\/comments?post=1632"}],"version-history":[{"count":6,"href":"https:\/\/consriodejaneiro.esteri.it\/br\/wp-json\/wp\/v2\/posts\/1632\/revisions"}],"predecessor-version":[{"id":2636,"href":"https:\/\/consriodejaneiro.esteri.it\/br\/wp-json\/wp\/v2\/posts\/1632\/revisions\/2636"}],"wp:featuredmedia":[{"embeddable":true,"href":"https:\/\/consriodejaneiro.esteri.it\/br\/wp-json\/wp\/v2\/media\/1049"}],"wp:attachment":[{"href":"https:\/\/consriodejaneiro.esteri.it\/br\/wp-json\/wp\/v2\/media?parent=1632"}],"wp:term":[{"taxonomy":"post_tag","embeddable":true,"href":"https:\/\/consriodejaneiro.esteri.it\/br\/wp-json\/wp\/v2\/tags?post=1632"}],"curies":[{"name":"wp","href":"https:\/\/api.w.org\/{rel}","templated":true}]}}