{"id":2337,"date":"2024-02-19T21:44:13","date_gmt":"2024-02-19T20:44:13","guid":{"rendered":"https:\/\/consriodejaneiro.esteri.it\/?p=2337"},"modified":"2024-03-25T14:46:27","modified_gmt":"2024-03-25T13:46:27","slug":"polo-cultural-e-inaugurado-na-celebracao-dos-150-anos-da-imigracao-italiana-no-brasil","status":"publish","type":"post","link":"https:\/\/consriodejaneiro.esteri.it\/br\/news\/dal_consolato\/2024\/02\/polo-cultural-e-inaugurado-na-celebracao-dos-150-anos-da-imigracao-italiana-no-brasil\/","title":{"rendered":"Polo cultural \u00e9 inaugurado na celebra\u00e7\u00e3o dos   \u201c150 Anos da Imigra\u00e7\u00e3o Italiana no Brasil\u201d"},"content":{"rendered":"<p style=\"text-align: justify;\">O Consulado Geral da It\u00e1lia no Rio de Janeiro, o Instituto Italiano de Cultura do Rio e o IED (Instituto Europeu de Design), se reuniram em prol da cria\u00e7\u00e3o do \u201cPolo Cultural ItalianoRio \u2013 arte, design e inova\u00e7\u00e3o\u201d, que abre para o p\u00fablico no dia 22 de fevereiro, na semana em que \u00e9 comemorado o Dia Nacional do Imigrante Italiano no Brasil. Inteiramente revitalizado, o novo polo cultural funcionar\u00e1 como uma vitrine, reverberando o di\u00e1logo entre It\u00e1lia e Brasil em v\u00e1rias inst\u00e2ncias. Situado no pr\u00e9dio da Casa d\u2019Italia, no cora\u00e7\u00e3o do Centro do Rio (pr\u00f3ximo \u00e0 Cinel\u00e2ndia e ao aeroporto Santos Dumont), o espa\u00e7o com lounge e mezanino totaliza quase 500m\u00b2 e foi projetado para abrigar exposi\u00e7\u00f5es de arte, moda e design, al\u00e9m de eventos de gastronomia, tecnologia e inova\u00e7\u00e3o. Ser\u00e3o oferecidos tamb\u00e9m cursos, semin\u00e1rios, ciclos de palestras e demais programa\u00e7\u00f5es. Com a proposta de refor\u00e7ar e estabelecer la\u00e7os culturais e cient\u00edficos, est\u00e3o previstas parcerias com a colabora\u00e7\u00e3o de outras institui\u00e7\u00f5es.<br \/>\nAbrindo a agenda anual de exposi\u00e7\u00f5es tempor\u00e1rias, a mostra \u201c 1874-2024: 150 anos de amizade e conex\u00e3o entre It\u00e1lia e Brasil, juntos rumo ao futuro\u201d apresentar\u00e1 um painel de 42 m\u00b2, grafitado pelo artista Bruno Big, retratando a chegada dos imigrantes e o relevante desempenho deles no cultivo do caf\u00e9, al\u00e9m de v\u00eddeos e paneis tem\u00e1ticos sobre sua influ\u00eancia na forma\u00e7\u00e3o s\u00f3cio cultural da sociedade carioca e brasileira. No mezanino, ser\u00e1 inaugurada \u201cDell\u2019Architettura &#8211; presen\u00e7a italiana na paisagem carioca\u201d, com cerca de 40 imagens de mestres da arquitetura, captadas por Aristides Corr\u00eaa Dutra. Haver\u00e1, ainda, a exposi\u00e7\u00e3o do novo logotipo oficial do 150\u00ba Anivers\u00e1rio da Imigra\u00e7\u00e3o Italiana no Brasil, selecionado atrav\u00e9s de um concurso entre os alunos das escolas italianas no Brasil, lan\u00e7ado pela Embaixada da It\u00e1lia em Bras\u00edlia. A iniciativa foi divulgada nas Escolas italianas parit\u00e1rias no Brasil e foi selecionado como vencedor o projeto de Joshua Azze Distel, de 17 anos, aluno do 4\u00ba ano do Liceu Cient\u00edfico da \u201cFondazione Torino\u201d.<br \/>\nO logotipo representa um navio, o meio de transporte utilizado por milh\u00f5es de imigrantes que, com coragem e esp\u00edrito de aventura, lan\u00e7avam-se em longas travessias oce\u00e2nicas em<br \/>\ndire\u00e7\u00e3o ao \u201cnovo mundo\u201d, em busca de melhores condi\u00e7\u00f5es de vida.<br \/>\nNum jogo de encaixes formados por linhas minimalistas, o n\u00famero \u201c150\u201d \u00e9 inserido no desenho do navio: o \u201czero\u201d representa, ao mesmo tempo, o n\u00famero e um semic\u00edrculo, como<br \/>\num horizonte, um c\u00e9u comum, composto pelas cores das bandeiras dos dois pa\u00edses, simboliza a liga\u00e7\u00e3o hist\u00f3rica e cultural entre eles.<br \/>\nSobre a exposi\u00e7\u00e3o \u201cDell\u2019Architettura &#8211; presen\u00e7a italiana na paisagem carioca\u201d Ricardo Buffa, Luigi Fossati, Raffaele Rebecchi, Antonio Virzi, Mario Vodret e Antonio Jannuzzi est\u00e3o entre os grandes nomes da arquitetura italiana que deixaram seu legado na cidade do Rio de Janeiro e que integram \u201cDell\u2019Architettura &#8211; presen\u00e7a italiana na paisagem carioca\u201d.<br \/>\nRegistros de joias arquitet\u00f4nicas de diferentes \u00e9pocas, feitos em preto e branco pelo fot\u00f3grafo, professor e artista visual Aristides Corr\u00eaa Dutra, foram selecionados para esta exposi\u00e7\u00e3o, que \u00e9 realizada pelo Instituto Italiano de Cultura do Rio e poder\u00e1 ser visitada at\u00e9 26 de abril. Aristides tamb\u00e9m assina a curadoria e os textos das fotografias, destacando-se entre elas: o Edif\u00edcio Lage (1924\u20131925), na Gl\u00f3ria; o Edif\u00edcio Seabra (1931), na Praia do Flamengo; o Edif\u00edcio Unidos (1937), no Centro; o Hospital Nossa Senhora das Dores (1910 1914), em Cascadura; a Igreja Matriz de S\u00e3o Geraldo (1931), em Olaria; a Torre da Antiga S\u00e9 (1905\u20131913), no Centro; a Vila Maurina (1915), em Botafogo; a casa Villino Silveira (1915), na Gl\u00f3ria.<br \/>\nSobre Aristides Corr\u00eaa Dutra: Fot\u00f3grafo, artista visual, mestre em Comunica\u00e7\u00e3o pela ECO\\UFRJ e professor da Universidade Veiga de Almeida. Como fot\u00f3grafo e observador da arquitetura, realizou, ao longo de 2016, as mostras \u201cConversa\u00e7\u00e3o\u201d, no Parque das Ru\u00ednas, \u201cDa miseric\u00f3rdia \u00e0 justi\u00e7a\u201d, no Museu da Justi\u00e7a do Estado do Rio de Janeiro, e \u201cLogos\u201d, na Biblioteca de Manguinhos.<br \/>\nServi\u00e7o<br \/>\n\u201cPolo Cultural ItalianoRio \u2013 arte, design e inova\u00e7\u00e3o\u201d<br \/>\nAbertura para o p\u00fablico: dia 22 de fevereiro de 2024<br \/>\nVisita\u00e7\u00e3o da exposi\u00e7\u00e3o \u201cDell\u2019Architettura &#8211; presen\u00e7a italiana na paisagem carioca\u201d: at\u00e9 dia 26<br \/>\nde abril de 2024<br \/>\nPatroc\u00ednio: Zona Sul, Ternium, TIM Brasil, Illy Caf\u00e9, ITA Airways e Ferrari Trento<br \/>\nFuncionamento: de segunda a sexta, das 7h30 \u00e0s 16h30<br \/>\nLocal: Casa d\u2019Italia<br \/>\nEndere\u00e7o: Av. Pres. Ant\u00f4nio Carlos, 40 &#8211; Centro, Rio de Janeiro<br \/>\nClassifica\u00e7\u00e3o livre<br \/>\nEntrada franca<br \/>\nInforma\u00e7\u00f5es \u00e0 imprensa: BriefCom Assessoria de Comunica\u00e7\u00e3o\/Bia Sampaio: (21) 98181 8351\/<a href=\"mailto:biasampaio@briefcom.com.br\">biasampaio@briefcom.com.br<\/a>\/@briefcomcomunicacao<\/p>\n","protected":false},"excerpt":{"rendered":"O Consulado Geral da It\u00e1lia no Rio de Janeiro, o Instituto Italiano de Cultura do Rio e o IED (Instituto Europeu de Design), se reuniram em prol da cria\u00e7\u00e3o do \u201cPolo Cultural ItalianoRio \u2013 arte, design e inova\u00e7\u00e3o\u201d, que abre para o p\u00fablico no dia 22 de fevereiro, na semana em que \u00e9 comemorado o [&hellip;]","protected":false},"author":6,"featured_media":2334,"comment_status":"closed","ping_status":"closed","sticky":false,"template":"","format":"standard","meta":{"footnotes":""},"tags":[],"class_list":["post-2337","post","type-post","status-publish","format-standard","has-post-thumbnail","hentry"],"_links":{"self":[{"href":"https:\/\/consriodejaneiro.esteri.it\/br\/wp-json\/wp\/v2\/posts\/2337","targetHints":{"allow":["GET"]}}],"collection":[{"href":"https:\/\/consriodejaneiro.esteri.it\/br\/wp-json\/wp\/v2\/posts"}],"about":[{"href":"https:\/\/consriodejaneiro.esteri.it\/br\/wp-json\/wp\/v2\/types\/post"}],"author":[{"embeddable":true,"href":"https:\/\/consriodejaneiro.esteri.it\/br\/wp-json\/wp\/v2\/users\/6"}],"replies":[{"embeddable":true,"href":"https:\/\/consriodejaneiro.esteri.it\/br\/wp-json\/wp\/v2\/comments?post=2337"}],"version-history":[{"count":1,"href":"https:\/\/consriodejaneiro.esteri.it\/br\/wp-json\/wp\/v2\/posts\/2337\/revisions"}],"predecessor-version":[{"id":2340,"href":"https:\/\/consriodejaneiro.esteri.it\/br\/wp-json\/wp\/v2\/posts\/2337\/revisions\/2340"}],"wp:featuredmedia":[{"embeddable":true,"href":"https:\/\/consriodejaneiro.esteri.it\/br\/wp-json\/wp\/v2\/media\/2334"}],"wp:attachment":[{"href":"https:\/\/consriodejaneiro.esteri.it\/br\/wp-json\/wp\/v2\/media?parent=2337"}],"wp:term":[{"taxonomy":"post_tag","embeddable":true,"href":"https:\/\/consriodejaneiro.esteri.it\/br\/wp-json\/wp\/v2\/tags?post=2337"}],"curies":[{"name":"wp","href":"https:\/\/api.w.org\/{rel}","templated":true}]}}