{"id":2638,"date":"2024-05-20T17:38:38","date_gmt":"2024-05-20T15:38:38","guid":{"rendered":"https:\/\/consriodejaneiro.esteri.it\/?p=2638"},"modified":"2024-08-08T18:13:19","modified_gmt":"2024-08-08T16:13:19","slug":"concurso-de-fotografia-a-minha-italia-no-rio","status":"publish","type":"post","link":"https:\/\/consriodejaneiro.esteri.it\/br\/news\/dal_consolato\/2024\/05\/concurso-de-fotografia-a-minha-italia-no-rio\/","title":{"rendered":"CONCURSO DE FOTOGRAFIA &#8220;A MINHA IT\u00c1LIA NO RIO&#8221; &#8211; VENCEDORES"},"content":{"rendered":"<p style=\"text-align: justify;\">O Consulado Geral da It\u00e1lia, em parceria com o Instituto Italiano de Cultura e o Instituto de Design Europeu, por meio do Edital de Fomento \u00a0\u00e0 divulga\u00e7\u00e3o do\u00a0\u00a0 <strong>POLO CULTURAL ITALIANORIO<\/strong>, realiza a <strong>1\u00aa Edi\u00e7\u00e3o do\u00a0 Festival \u00a0de Fotografia<\/strong>, que no ano de 2024 tem como <strong>tem\u00e1tica a representatividade da It\u00e1lia no Rio de Janeiro.<\/strong><\/p>\n<p style=\"text-align: justify;\">Como parte das a\u00e7\u00f5es do evento, por meio do presente Edital, torna-se p\u00fablico concurso de fotografia via Instagram \u201c<strong>A MINHA ITALIA NO RIO<\/strong>\u201d.<\/p>\n<p style=\"text-align: justify;\">Para baixar o Edital:<a href=\"https:\/\/consriodejaneiro.esteri.it\/wp-content\/uploads\/2024\/05\/20240520124851032.pdf\"> clique aqui<\/a><\/p>\n<p><strong>Anunciam-se os nomes dos vencedores do concurso de fotografia: &#8220;A MINHA IT\u00c1LIA NO RIO&#8221;<\/strong><\/p>\n<p><a href=\"https:\/\/www.instagram.com\/p\/C-aeg9ROznW\/?img_index=1\">Polo Cultural ITALIANORIO (@poloitalianorio) \u2022 Fotos e v\u00eddeos do Instagram<\/a><\/p>\n<p>THIAGO PETRIK @tiagopetrik<\/p>\n<p>LEANDRO LEMOS @lemos_ruas<\/p>\n<p>Com suas fotos, eles conseguiram capturar brilhantemente a ess\u00eancia da influ\u00eancia italiana no Rio de Janeiro. PARAB\u00c9NS!<\/p>\n","protected":false},"excerpt":{"rendered":"O Consulado Geral da It\u00e1lia, em parceria com o Instituto Italiano de Cultura e o Instituto de Design Europeu, por meio do Edital de Fomento \u00a0\u00e0 divulga\u00e7\u00e3o do\u00a0\u00a0 POLO CULTURAL ITALIANORIO, realiza a 1\u00aa Edi\u00e7\u00e3o do\u00a0 Festival \u00a0de Fotografia, que no ano de 2024 tem como tem\u00e1tica a representatividade da It\u00e1lia no Rio de Janeiro. [&hellip;]","protected":false},"author":6,"featured_media":2639,"comment_status":"closed","ping_status":"closed","sticky":true,"template":"","format":"standard","meta":{"footnotes":""},"tags":[],"class_list":["post-2638","post","type-post","status-publish","format-standard","has-post-thumbnail","hentry"],"_links":{"self":[{"href":"https:\/\/consriodejaneiro.esteri.it\/br\/wp-json\/wp\/v2\/posts\/2638","targetHints":{"allow":["GET"]}}],"collection":[{"href":"https:\/\/consriodejaneiro.esteri.it\/br\/wp-json\/wp\/v2\/posts"}],"about":[{"href":"https:\/\/consriodejaneiro.esteri.it\/br\/wp-json\/wp\/v2\/types\/post"}],"author":[{"embeddable":true,"href":"https:\/\/consriodejaneiro.esteri.it\/br\/wp-json\/wp\/v2\/users\/6"}],"replies":[{"embeddable":true,"href":"https:\/\/consriodejaneiro.esteri.it\/br\/wp-json\/wp\/v2\/comments?post=2638"}],"version-history":[{"count":7,"href":"https:\/\/consriodejaneiro.esteri.it\/br\/wp-json\/wp\/v2\/posts\/2638\/revisions"}],"predecessor-version":[{"id":3216,"href":"https:\/\/consriodejaneiro.esteri.it\/br\/wp-json\/wp\/v2\/posts\/2638\/revisions\/3216"}],"wp:featuredmedia":[{"embeddable":true,"href":"https:\/\/consriodejaneiro.esteri.it\/br\/wp-json\/wp\/v2\/media\/2639"}],"wp:attachment":[{"href":"https:\/\/consriodejaneiro.esteri.it\/br\/wp-json\/wp\/v2\/media?parent=2638"}],"wp:term":[{"taxonomy":"post_tag","embeddable":true,"href":"https:\/\/consriodejaneiro.esteri.it\/br\/wp-json\/wp\/v2\/tags?post=2638"}],"curies":[{"name":"wp","href":"https:\/\/api.w.org\/{rel}","templated":true}]}}