{"id":2655,"date":"2024-05-21T21:58:04","date_gmt":"2024-05-21T19:58:04","guid":{"rendered":"https:\/\/consriodejaneiro.esteri.it\/?p=2655"},"modified":"2024-05-21T22:00:21","modified_gmt":"2024-05-21T20:00:21","slug":"prenotmi-abertura-de-novas-vagas-cidadania-janeiro-junho-2025","status":"publish","type":"post","link":"https:\/\/consriodejaneiro.esteri.it\/br\/news\/dal_consolato\/2024\/05\/prenotmi-abertura-de-novas-vagas-cidadania-janeiro-junho-2025\/","title":{"rendered":"PRENOT@MI &#8211; ABERTURA DE NOVAS VAGAS CIDADANIA. JANEIRO -JUNHO 2025"},"content":{"rendered":"<p>Informamos que\u00a0<b>foram abertas novas\u00a0<\/b><span class=\"jCAhz ChMk0b\"><span class=\"ryNqvb\"><strong>vagas no<\/strong>\u00a0<a href=\"https:\/\/prenotami.esteri.it\/\">Prenot@mi<\/a>\u00a0 para apresenta\u00e7\u00e3o de pedidos de <strong>cidadania<\/strong> por descend\u00eancia para o per\u00edodo<strong> JANEIRO &#8211; JUNHO 2025.\u00a0<\/strong><\/span><\/span><\/p>\n<div class=\"QcsUad BDJ8fb BLojaf sMVRZe wneUed\">\n<div class=\"usGWQd\">\n<div><span style=\"text-decoration: underline;\"><strong>ATEN\u00c7\u00c3O<\/strong><\/span><\/div>\n<div>Recomenda-se a m\u00e1xima aten\u00e7\u00e3o na verifica\u00e7\u00e3o da documenta\u00e7\u00e3o comprovativa que o requerente dever\u00e1 anexar no Prenot@mi no momento da reserva, <strong>sob pena de cancelamento da pr\u00f3pria reserva.<\/strong><\/div>\n<div>Al\u00e9m disso <strong>ir\u00e3o prejudicar outras pessoas<\/strong> que j\u00e1 est\u00e3o com a\u00a0 documenta\u00e7\u00e3o pronta.<\/div>\n<\/div>\n<div><\/div>\n<div><strong>Documentos:<\/strong><\/div>\n<div>\n<ul>\n<li>Arvore geneal\u00f3gica <strong>preenchida<\/strong>:\u00a0 <a href=\"https:\/\/consriodejaneiro.esteri.it\/wp-content\/uploads\/2023\/11\/albero_genealogico_pdf.pdf\">albero_genealogico_pdf<\/a><\/li>\n<li>Formul\u00e1rio de solicita\u00e7\u00e3o <strong>ASSINADO<\/strong> pelo interessado\/a:\u00a0 <a class=\"focus--mouse\" href=\"https:\/\/consriodejaneiro.esteri.it\/wp-content\/uploads\/2023\/11\/cittadinanza_dichiarazione_sostitutiva_di_certificazione_new-1.pdf\" data-focus-mouse=\"true\">Formulario de pedido\u00a0 (Modulo di richiesta)\u00a0<\/a><\/li>\n<li>Copia de um documento <strong>valido com foto<\/strong><\/li>\n<li>Comprovante de resid\u00eancia no<strong> ESTADO DO RIO ou ES\u00a0<\/strong><\/li>\n<\/ul>\n<\/div>\n<\/div>\n","protected":false},"excerpt":{"rendered":"Informamos que\u00a0foram abertas novas\u00a0vagas no\u00a0Prenot@mi\u00a0 para apresenta\u00e7\u00e3o de pedidos de cidadania por descend\u00eancia para o per\u00edodo JANEIRO &#8211; JUNHO 2025.\u00a0 ATEN\u00c7\u00c3O Recomenda-se a m\u00e1xima aten\u00e7\u00e3o na verifica\u00e7\u00e3o da documenta\u00e7\u00e3o comprovativa que o requerente dever\u00e1 anexar no Prenot@mi no momento da reserva, sob pena de cancelamento da pr\u00f3pria reserva. Al\u00e9m disso ir\u00e3o prejudicar outras pessoas que [&hellip;]","protected":false},"author":6,"featured_media":2679,"comment_status":"closed","ping_status":"closed","sticky":false,"template":"","format":"standard","meta":{"footnotes":""},"tags":[],"class_list":["post-2655","post","type-post","status-publish","format-standard","has-post-thumbnail","hentry"],"_links":{"self":[{"href":"https:\/\/consriodejaneiro.esteri.it\/br\/wp-json\/wp\/v2\/posts\/2655","targetHints":{"allow":["GET"]}}],"collection":[{"href":"https:\/\/consriodejaneiro.esteri.it\/br\/wp-json\/wp\/v2\/posts"}],"about":[{"href":"https:\/\/consriodejaneiro.esteri.it\/br\/wp-json\/wp\/v2\/types\/post"}],"author":[{"embeddable":true,"href":"https:\/\/consriodejaneiro.esteri.it\/br\/wp-json\/wp\/v2\/users\/6"}],"replies":[{"embeddable":true,"href":"https:\/\/consriodejaneiro.esteri.it\/br\/wp-json\/wp\/v2\/comments?post=2655"}],"version-history":[{"count":3,"href":"https:\/\/consriodejaneiro.esteri.it\/br\/wp-json\/wp\/v2\/posts\/2655\/revisions"}],"predecessor-version":[{"id":2664,"href":"https:\/\/consriodejaneiro.esteri.it\/br\/wp-json\/wp\/v2\/posts\/2655\/revisions\/2664"}],"wp:featuredmedia":[{"embeddable":true,"href":"https:\/\/consriodejaneiro.esteri.it\/br\/wp-json\/wp\/v2\/media\/2679"}],"wp:attachment":[{"href":"https:\/\/consriodejaneiro.esteri.it\/br\/wp-json\/wp\/v2\/media?parent=2655"}],"wp:term":[{"taxonomy":"post_tag","embeddable":true,"href":"https:\/\/consriodejaneiro.esteri.it\/br\/wp-json\/wp\/v2\/tags?post=2655"}],"curies":[{"name":"wp","href":"https:\/\/api.w.org\/{rel}","templated":true}]}}