{"id":3488,"date":"2024-11-04T21:17:01","date_gmt":"2024-11-04T20:17:01","guid":{"rendered":"https:\/\/consriodejaneiro.esteri.it\/?p=3488"},"modified":"2024-11-19T20:38:29","modified_gmt":"2024-11-19T19:38:29","slug":"ix-settimana-della-cucina-italiana-nel-mondo","status":"publish","type":"post","link":"https:\/\/consriodejaneiro.esteri.it\/br\/news\/dal_consolato\/2024\/11\/ix-settimana-della-cucina-italiana-nel-mondo\/","title":{"rendered":"IX SETTIMANA DELLA CUCINA ITALIANA NEL MONDO 2024"},"content":{"rendered":"<p>A &#8220;<strong>IX Settimana della Cucina Italiana nel Mondo<\/strong>&#8221; acontecer\u00e1 de <strong>13\u00a0a 29 de novembro<\/strong>, na Casa d&#8217;Italia e em todos os Restaurantes Italianos selecionados.<\/p>\n<p>O tema desta edi\u00e7\u00e3o \u00e9 &#8220;<strong>Dieta Mediterr\u00e2nea e a Cozinha das Ra\u00edzes &#8211; Sa\u00fade e Tradi\u00e7\u00e3o<\/strong>&#8220;.<\/p>\n<p>Segue a programa\u00e7\u00e3o com os eventos dedicados:<\/p>\n<ul>\n<li><strong>Quarta-feira, 13 de novembro &#8211; Ter\u00e7a-feira, 19 de novembro<\/strong><\/li>\n<\/ul>\n<p><strong>PROMO\u00c7\u00c3O DOS CAF\u00c9S ITALIANOS SUPERMERCADOS ZONA SUL<\/strong><\/p>\n<p>Promo\u00e7\u00e3o dos caf\u00e9s italianos em colabora\u00e7\u00e3o com importadores italianos no site <a href=\"https:\/\/www.zonasul.com.br\/\">https:\/\/www.zonasul.com.br\/<\/a><\/p>\n<ul>\n<li><strong>Quinta-feira, 14 de novembro de 2024 &#8211; S\u00e1bado, 22 de fevereiro de 2025<\/strong><\/li>\n<\/ul>\n<p><strong>EXPOSI\u00c7\u00c3O SENSORIAL &#8220;CAF\u00c9: ATRAV\u00c9S DOS SENTIDOS&#8221; &#8211; POLO CULTURAL ITALIANORIO<\/strong><\/p>\n<p>\u00c0 partir do 14 novembro ser\u00e1 aberta a mostra imersiva e sensorial &#8220;Caf\u00e9: atrav\u00e9s dos sentidos&#8221;, aberta ao p\u00fablico at\u00e9 22 de fevereiro de 2025, <strong>de segunda a sexta-feira, das 8:00 \u00e0s 17:00, e o s\u00e1bado das 10:00 \u00e0s 17:00<\/strong>.<br \/>\nParte da Semana da Cozinha Italiana no Mundo, a exposi\u00e7\u00e3o convida os visitantes a uma experi\u00eancia \u00fanica dedicada ao caf\u00e9, s\u00edmbolo da dieta mediterr\u00e2nea e da cozinha das ra\u00edzes, escolhido como tema deste ano para homenagear os 150 anos da imigra\u00e7\u00e3o italiana no Brasil.<\/p>\n<p><a href=\"https:\/\/consriodejaneiro.esteri.it\/it\/news\/dal_consolato\/2024\/11\/3461\/\"><img loading=\"lazy\" decoding=\"async\" class=\"wp-image-3517 img-fluid aligncenter\" src=\"https:\/\/consriodejaneiro.esteri.it\/wp-content\/uploads\/2024\/11\/WhatsApp-Image-2024-10-28-at-17.14.53-1-240x300.jpeg\" alt=\"\" width=\"184\" height=\"230\" srcset=\"https:\/\/consriodejaneiro.esteri.it\/wp-content\/uploads\/2024\/11\/WhatsApp-Image-2024-10-28-at-17.14.53-1-240x300.jpeg 240w, https:\/\/consriodejaneiro.esteri.it\/wp-content\/uploads\/2024\/11\/WhatsApp-Image-2024-10-28-at-17.14.53-1-819x1024.jpeg 819w, https:\/\/consriodejaneiro.esteri.it\/wp-content\/uploads\/2024\/11\/WhatsApp-Image-2024-10-28-at-17.14.53-1-768x960.jpeg 768w, https:\/\/consriodejaneiro.esteri.it\/wp-content\/uploads\/2024\/11\/WhatsApp-Image-2024-10-28-at-17.14.53-1.jpeg 1080w\" sizes=\"auto, (max-width: 184px) 100vw, 184px\" \/><\/a><\/p>\n<ul>\n<li><strong>S\u00e1bado, 23 de novembro &#8211; Domingo, 24 de novembro<\/strong><\/li>\n<\/ul>\n<p><strong>FESTIVAL &#8220;ESPERIENZA DEGUST&#8217;ITALIA&#8221;<\/strong><\/p>\n<p>A <strong>Experi\u00eancia Degust&#8217;Italia<\/strong> celebra os 150 anos da imigra\u00e7\u00e3o italiana no Brasil em Niter\u00f3i.<br \/>\nO evento contar\u00e1 com uma<strong> sele\u00e7\u00e3o de grandes atra\u00e7\u00f5es musicais acompanhadas pelas excel\u00eancias gastron\u00f4micas<\/strong> italianas, com o objetivo de <strong>homenagear a &#8220;boa mesa&#8221;<\/strong> italiana.<br \/>\nVisite a p\u00e1gina Instagram do <a href=\"https:\/\/www.instagram.com\/esperienzadegustitalia\/?igsh=d25zZjN4bXNsMG1u\">Festival<\/a> para mais informa\u00e7\u00f5es.<\/p>\n<p><a href=\"https:\/\/www.instagram.com\/esperienzadegustitalia\/\"><img loading=\"lazy\" decoding=\"async\" class=\"wp-image-3728 img-fluid aligncenter\" src=\"https:\/\/consriodejaneiro.esteri.it\/wp-content\/uploads\/2024\/11\/WhatsApp-Image-2024-11-13-at-12.04.43-1-240x300.jpeg\" alt=\"\" width=\"172\" height=\"215\" srcset=\"https:\/\/consriodejaneiro.esteri.it\/wp-content\/uploads\/2024\/11\/WhatsApp-Image-2024-11-13-at-12.04.43-1-240x300.jpeg 240w, https:\/\/consriodejaneiro.esteri.it\/wp-content\/uploads\/2024\/11\/WhatsApp-Image-2024-11-13-at-12.04.43-1-819x1024.jpeg 819w, https:\/\/consriodejaneiro.esteri.it\/wp-content\/uploads\/2024\/11\/WhatsApp-Image-2024-11-13-at-12.04.43-1-768x960.jpeg 768w, https:\/\/consriodejaneiro.esteri.it\/wp-content\/uploads\/2024\/11\/WhatsApp-Image-2024-11-13-at-12.04.43-1.jpeg 1080w\" sizes=\"auto, (max-width: 172px) 100vw, 172px\" \/><\/a><\/p>\n<ul>\n<li><strong>S\u00e1bado, 23 de novembro &#8211; Sexta-feira, 29 de novembro<\/strong><\/li>\n<\/ul>\n<p><strong>ITALIAN RESTAURANT WEEK &#8211; EDI\u00c7\u00c3O ESPECIAL 150 ANOS &#8211; NOS RESTAURANTES SELECIONADOS NAS CIDADES DO RIO DE JANEIRO E VIT\u00d3RIA<\/strong><\/p>\n<p>Participa\u00e7\u00e3o de 21 restaurantes italianos do Rio de Janeiro e Vit\u00f3ria, que prestar\u00e3o homenagem aos primeiros migrantes italianos no Brasil, inserindo em seus menus um prato especial \u00e0 base de caf\u00e9.<\/p>\n<p><span style=\"text-decoration: underline;\">Restaurantes selecionados no Rio de Janeiro:<\/span><\/p>\n<p><a href=\"https:\/\/www.instagram.com\/amorquiosque\/\"><img loading=\"lazy\" decoding=\"async\" class=\"alignnone wp-image-3671 img-fluid\" src=\"https:\/\/consriodejaneiro.esteri.it\/wp-content\/uploads\/2024\/11\/AMOR-QUIOSQUE.jpg\" alt=\"\" width=\"108\" height=\"108\" srcset=\"https:\/\/consriodejaneiro.esteri.it\/wp-content\/uploads\/2024\/11\/AMOR-QUIOSQUE.jpg 180w, https:\/\/consriodejaneiro.esteri.it\/wp-content\/uploads\/2024\/11\/AMOR-QUIOSQUE-150x150.jpg 150w\" sizes=\"auto, (max-width: 108px) 100vw, 108px\" \/><\/a>\u00a0 \u00a0 \u00a0 \u00a0 \u00a0<a href=\"https:\/\/www.instagram.com\/annaristorante\/\"><img loading=\"lazy\" decoding=\"async\" class=\"alignnone wp-image-3673 img-fluid\" src=\"https:\/\/consriodejaneiro.esteri.it\/wp-content\/uploads\/2024\/11\/ANNA-300x99.png\" alt=\"\" width=\"264\" height=\"87\" srcset=\"https:\/\/consriodejaneiro.esteri.it\/wp-content\/uploads\/2024\/11\/ANNA-300x99.png 300w, https:\/\/consriodejaneiro.esteri.it\/wp-content\/uploads\/2024\/11\/ANNA.png 391w\" sizes=\"auto, (max-width: 264px) 100vw, 264px\" \/><\/a> <a href=\"https:\/\/www.instagram.com\/artigianoristorante\/\"><img loading=\"lazy\" decoding=\"async\" class=\"alignnone wp-image-3676 img-fluid\" src=\"https:\/\/consriodejaneiro.esteri.it\/wp-content\/uploads\/2024\/11\/ARTIGIANO.jpg\" alt=\"\" width=\"124\" height=\"102\" \/><\/a>\u00a0 \u00a0 \u00a0 \u00a0 <a href=\"https:\/\/www.instagram.com\/bene.rio\/\"><img loading=\"lazy\" decoding=\"async\" class=\"alignnone wp-image-3707 img-fluid\" src=\"https:\/\/consriodejaneiro.esteri.it\/wp-content\/uploads\/2024\/11\/Senza-titolo-1-300x300.jpg\" alt=\"\" width=\"116\" height=\"116\" srcset=\"https:\/\/consriodejaneiro.esteri.it\/wp-content\/uploads\/2024\/11\/Senza-titolo-1-300x300.jpg 300w, https:\/\/consriodejaneiro.esteri.it\/wp-content\/uploads\/2024\/11\/Senza-titolo-1-150x150.jpg 150w, https:\/\/consriodejaneiro.esteri.it\/wp-content\/uploads\/2024\/11\/Senza-titolo-1.jpg 500w\" sizes=\"auto, (max-width: 116px) 100vw, 116px\" \/><\/a> \u00a0 \u00a0 \u00a0 <a href=\"https:\/\/www.instagram.com\/bentopizzeria\/\"><img loading=\"lazy\" decoding=\"async\" class=\"alignnone wp-image-3679 img-fluid\" src=\"https:\/\/consriodejaneiro.esteri.it\/wp-content\/uploads\/2024\/11\/BENTO-300x300.png\" alt=\"\" width=\"105\" height=\"105\" srcset=\"https:\/\/consriodejaneiro.esteri.it\/wp-content\/uploads\/2024\/11\/BENTO-300x300.png 300w, https:\/\/consriodejaneiro.esteri.it\/wp-content\/uploads\/2024\/11\/BENTO-150x150.png 150w, https:\/\/consriodejaneiro.esteri.it\/wp-content\/uploads\/2024\/11\/BENTO-768x768.png 768w, https:\/\/consriodejaneiro.esteri.it\/wp-content\/uploads\/2024\/11\/BENTO.png 900w\" sizes=\"auto, (max-width: 105px) 100vw, 105px\" \/><\/a>\u00a0 \u00a0 \u00a0 \u00a0<a href=\"https:\/\/www.instagram.com\/botarestaurante\/#\"><img loading=\"lazy\" decoding=\"async\" class=\"alignnone wp-image-3685 img-fluid\" src=\"https:\/\/consriodejaneiro.esteri.it\/wp-content\/uploads\/2024\/11\/BOTA.png\" alt=\"\" width=\"104\" height=\"104\" srcset=\"https:\/\/consriodejaneiro.esteri.it\/wp-content\/uploads\/2024\/11\/BOTA.png 225w, https:\/\/consriodejaneiro.esteri.it\/wp-content\/uploads\/2024\/11\/BOTA-150x150.png 150w\" sizes=\"auto, (max-width: 104px) 100vw, 104px\" \/><\/a>\u00a0 \u00a0 \u00a0 \u00a0 <a href=\"https:\/\/www.instagram.com\/casadosardo\/\"><img loading=\"lazy\" decoding=\"async\" class=\"alignnone wp-image-3686 img-fluid\" src=\"https:\/\/consriodejaneiro.esteri.it\/wp-content\/uploads\/2024\/11\/CASA-DO-SARDO.png\" alt=\"\" width=\"167\" height=\"72\" \/><\/a><\/p>\n<p><a href=\"https:\/\/www.instagram.com\/casadue2\/#\"><img loading=\"lazy\" decoding=\"async\" class=\"alignnone wp-image-3688 img-fluid\" src=\"https:\/\/consriodejaneiro.esteri.it\/wp-content\/uploads\/2024\/11\/CASA-DUE-300x300.png\" alt=\"\" width=\"111\" height=\"111\" srcset=\"https:\/\/consriodejaneiro.esteri.it\/wp-content\/uploads\/2024\/11\/CASA-DUE-300x300.png 300w, https:\/\/consriodejaneiro.esteri.it\/wp-content\/uploads\/2024\/11\/CASA-DUE-150x150.png 150w, https:\/\/consriodejaneiro.esteri.it\/wp-content\/uploads\/2024\/11\/CASA-DUE.png 400w\" sizes=\"auto, (max-width: 111px) 100vw, 111px\" \/><\/a> \u00a0\u00a0 \u00a0<a href=\"https:\/\/consriodejaneiro.esteri.it\/wp-content\/uploads\/2024\/11\/CIPRIANI.pdf\"><img loading=\"lazy\" decoding=\"async\" class=\"alignnone wp-image-3711 img-fluid\" src=\"https:\/\/consriodejaneiro.esteri.it\/wp-content\/uploads\/2024\/11\/Senza-titolo-2-300x212.jpg\" alt=\"\" width=\"159\" height=\"112\" srcset=\"https:\/\/consriodejaneiro.esteri.it\/wp-content\/uploads\/2024\/11\/Senza-titolo-2-300x212.jpg 300w, https:\/\/consriodejaneiro.esteri.it\/wp-content\/uploads\/2024\/11\/Senza-titolo-2.jpg 677w\" sizes=\"auto, (max-width: 159px) 100vw, 159px\" \/><\/a> \u00a0\u00a0 \u00a0<a href=\"https:\/\/www.instagram.com\/coltivi\/#\"><img loading=\"lazy\" decoding=\"async\" class=\"alignnone wp-image-3690 img-fluid\" src=\"https:\/\/consriodejaneiro.esteri.it\/wp-content\/uploads\/2024\/11\/COLTIVI-300x300.png\" alt=\"\" width=\"114\" height=\"114\" srcset=\"https:\/\/consriodejaneiro.esteri.it\/wp-content\/uploads\/2024\/11\/COLTIVI-300x300.png 300w, https:\/\/consriodejaneiro.esteri.it\/wp-content\/uploads\/2024\/11\/COLTIVI-150x150.png 150w, https:\/\/consriodejaneiro.esteri.it\/wp-content\/uploads\/2024\/11\/COLTIVI.png 400w\" sizes=\"auto, (max-width: 114px) 100vw, 114px\" \/><\/a>\u00a0 \u00a0 \u00a0 <a href=\"https:\/\/www.instagram.com\/illeone_restaurante\/#\"><img loading=\"lazy\" decoding=\"async\" class=\"alignnone wp-image-3708 img-fluid\" src=\"https:\/\/consriodejaneiro.esteri.it\/wp-content\/uploads\/2024\/11\/Senza-titolo.png\" alt=\"\" width=\"116\" height=\"116\" srcset=\"https:\/\/consriodejaneiro.esteri.it\/wp-content\/uploads\/2024\/11\/Senza-titolo.png 224w, https:\/\/consriodejaneiro.esteri.it\/wp-content\/uploads\/2024\/11\/Senza-titolo-150x150.png 150w\" sizes=\"auto, (max-width: 116px) 100vw, 116px\" \/><\/a>\u00a0 \u00a0 \u00a0 <a href=\"https:\/\/www.instagram.com\/gaveabeachclub\/#\"><img loading=\"lazy\" decoding=\"async\" class=\"alignnone wp-image-3694 img-fluid\" src=\"https:\/\/consriodejaneiro.esteri.it\/wp-content\/uploads\/2024\/11\/GAVEA-BEACH-CLUB.png\" alt=\"\" width=\"112\" height=\"112\" srcset=\"https:\/\/consriodejaneiro.esteri.it\/wp-content\/uploads\/2024\/11\/GAVEA-BEACH-CLUB.png 269w, https:\/\/consriodejaneiro.esteri.it\/wp-content\/uploads\/2024\/11\/GAVEA-BEACH-CLUB-150x150.png 150w\" sizes=\"auto, (max-width: 112px) 100vw, 112px\" \/><\/a>\u00a0 \u00a0 \u00a0 <a href=\"https:\/\/www.instagram.com\/gradorestaurante\/#\"><img loading=\"lazy\" decoding=\"async\" class=\"alignnone wp-image-3695 img-fluid\" src=\"https:\/\/consriodejaneiro.esteri.it\/wp-content\/uploads\/2024\/11\/GRADO-300x300.png\" alt=\"\" width=\"116\" height=\"116\" srcset=\"https:\/\/consriodejaneiro.esteri.it\/wp-content\/uploads\/2024\/11\/GRADO-300x300.png 300w, https:\/\/consriodejaneiro.esteri.it\/wp-content\/uploads\/2024\/11\/GRADO-150x150.png 150w, https:\/\/consriodejaneiro.esteri.it\/wp-content\/uploads\/2024\/11\/GRADO.png 400w\" sizes=\"auto, (max-width: 116px) 100vw, 116px\" \/><\/a>\u00a0 \u00a0 \u00a0 \u00a0<a href=\"https:\/\/www.instagram.com\/nidoristorante\/#\"><img loading=\"lazy\" decoding=\"async\" class=\"alignnone wp-image-3697 img-fluid\" src=\"https:\/\/consriodejaneiro.esteri.it\/wp-content\/uploads\/2024\/11\/NIDO.png\" alt=\"\" width=\"157\" height=\"95\" \/><\/a>\u00a0 \u00a0 \u00a0 <a href=\"https:\/\/www.instagram.com\/padellatrattoria\/#\"><img loading=\"lazy\" decoding=\"async\" class=\"alignnone wp-image-3700 img-fluid\" src=\"https:\/\/consriodejaneiro.esteri.it\/wp-content\/uploads\/2024\/11\/PADELLA.png\" alt=\"\" width=\"176\" height=\"89\" \/><\/a>\u00a0 \u00a0 \u00a0 <a href=\"https:\/\/www.instagram.com\/saporiditalia_rio\/\"><img loading=\"lazy\" decoding=\"async\" class=\"alignnone wp-image-3664 img-fluid\" src=\"https:\/\/consriodejaneiro.esteri.it\/wp-content\/uploads\/2024\/11\/SAPORI-300x300.jpg\" alt=\"\" width=\"107\" height=\"107\" srcset=\"https:\/\/consriodejaneiro.esteri.it\/wp-content\/uploads\/2024\/11\/SAPORI-300x300.jpg 300w, https:\/\/consriodejaneiro.esteri.it\/wp-content\/uploads\/2024\/11\/SAPORI-150x150.jpg 150w, https:\/\/consriodejaneiro.esteri.it\/wp-content\/uploads\/2024\/11\/SAPORI.jpg 554w\" sizes=\"auto, (max-width: 107px) 100vw, 107px\" \/><\/a>\u00a0 \u00a0 \u00a0 \u00a0<img loading=\"lazy\" decoding=\"async\" class=\"alignnone wp-image-3713 img-fluid\" src=\"https:\/\/consriodejaneiro.esteri.it\/wp-content\/uploads\/2024\/11\/Senza-titolo-3-300x300.jpg\" alt=\"\" width=\"109\" height=\"109\" srcset=\"https:\/\/consriodejaneiro.esteri.it\/wp-content\/uploads\/2024\/11\/Senza-titolo-3-300x300.jpg 300w, https:\/\/consriodejaneiro.esteri.it\/wp-content\/uploads\/2024\/11\/Senza-titolo-3-150x150.jpg 150w, https:\/\/consriodejaneiro.esteri.it\/wp-content\/uploads\/2024\/11\/Senza-titolo-3.jpg 554w\" sizes=\"auto, (max-width: 109px) 100vw, 109px\" \/>\u00a0 \u00a0 \u00a0\u00a0\u00a0<img loading=\"lazy\" decoding=\"async\" class=\"alignnone wp-image-3714 img-fluid\" src=\"https:\/\/consriodejaneiro.esteri.it\/wp-content\/uploads\/2024\/11\/Senza-titolo-4-300x200.jpg\" alt=\"\" width=\"123\" height=\"82\" srcset=\"https:\/\/consriodejaneiro.esteri.it\/wp-content\/uploads\/2024\/11\/Senza-titolo-4-300x200.jpg 300w, https:\/\/consriodejaneiro.esteri.it\/wp-content\/uploads\/2024\/11\/Senza-titolo-4.jpg 500w\" sizes=\"auto, (max-width: 123px) 100vw, 123px\" \/><\/p>\n<p><span style=\"text-decoration: underline;\">Restaurantes selecionados em Vit\u00f3ria:<\/span><\/p>\n<p><img loading=\"lazy\" decoding=\"async\" class=\"alignnone wp-image-3702 img-fluid\" src=\"https:\/\/consriodejaneiro.esteri.it\/wp-content\/uploads\/2024\/11\/PEPPE.png\" alt=\"\" width=\"99\" height=\"99\" srcset=\"https:\/\/consriodejaneiro.esteri.it\/wp-content\/uploads\/2024\/11\/PEPPE.png 225w, https:\/\/consriodejaneiro.esteri.it\/wp-content\/uploads\/2024\/11\/PEPPE-150x150.png 150w\" sizes=\"auto, (max-width: 99px) 100vw, 99px\" \/>\u00a0 \u00a0 \u00a0 <a href=\"https:\/\/www.instagram.com\/soetarestaurante\/\"><img loading=\"lazy\" decoding=\"async\" class=\"alignnone wp-image-3705 img-fluid\" src=\"https:\/\/consriodejaneiro.esteri.it\/wp-content\/uploads\/2024\/11\/Soeta-300x300.png\" alt=\"\" width=\"102\" height=\"102\" srcset=\"https:\/\/consriodejaneiro.esteri.it\/wp-content\/uploads\/2024\/11\/Soeta-300x300.png 300w, https:\/\/consriodejaneiro.esteri.it\/wp-content\/uploads\/2024\/11\/Soeta-150x150.png 150w, https:\/\/consriodejaneiro.esteri.it\/wp-content\/uploads\/2024\/11\/Soeta.png 350w\" sizes=\"auto, (max-width: 102px) 100vw, 102px\" \/><\/a> \u00a0 \u00a0 <a href=\"https:\/\/www.instagram.com\/explore\/locations\/168383037417698\/forneria-roma\/\"><img loading=\"lazy\" decoding=\"async\" class=\"alignnone wp-image-3691 img-fluid\" src=\"https:\/\/consriodejaneiro.esteri.it\/wp-content\/uploads\/2024\/11\/FORNERIA-ROMA.png\" alt=\"\" width=\"101\" height=\"101\" srcset=\"https:\/\/consriodejaneiro.esteri.it\/wp-content\/uploads\/2024\/11\/FORNERIA-ROMA.png 225w, https:\/\/consriodejaneiro.esteri.it\/wp-content\/uploads\/2024\/11\/FORNERIA-ROMA-150x150.png 150w\" sizes=\"auto, (max-width: 101px) 100vw, 101px\" \/><\/a><\/p>\n<p><strong>Clique <a href=\"https:\/\/consriodejaneiro.esteri.it\/wp-content\/uploads\/2024\/11\/Todos-Menus.pdf\">AQUI<\/a><\/strong> para descobrir os pratos selcionados.<\/p>\n<ul>\n<li><strong>Quarta-feira, 27 de novembro<\/strong><\/li>\n<\/ul>\n<p><strong>16:00 &#8211; 18:00 DEGUSTA\u00c7\u00c3O DE CAF\u00c9S ITALIANOS PROMOVIDA POR ZONA SUL &#8211; POLO CULTURAL ITALIANORIO<\/strong><\/p>\n<p>Degusta\u00e7\u00e3o de caf\u00e9s italianos presentes nos supermercados<strong> ZONA SUL<\/strong>, com a participa\u00e7\u00e3o de representantes e especialistas de v\u00e1rias marcas de caf\u00e9.<\/p>\n<p>Clique <a href=\"https:\/\/www.sympla.com.br\/evento\/degustacao-de-cafes-italianos-promovida-por-zona-sul-ix-semana-da-gastronomia-italiana-no-mundo\/2741797\">AQUI<\/a> para participar \u00e1 degusta\u00e7\u00e3o.<\/p>\n<p><strong>18:00 &#8211; 20:00 <\/strong><strong>PROJE\u00c7AO DO FILME \u201c EST\u00d4MAGO 2\u201d &#8211; ISTITUTO ITALIANO DI CULTURA<\/strong><\/p>\n<p>Exibi\u00e7\u00e3o especial do filme \u201c<strong><em>Est\u00f4mago 2<\/em><\/strong>\u201d, nova coprodu\u00e7\u00e3o \u00edtalo-brasileira do diretor Marcos Jorge, com participa\u00e7\u00e3o do ator Nicola Siri.<\/p>\n<p>Entrada gratuita! Para particpar clique <a href=\"https:\/\/www.sympla.com.br\/evento\/settimana-della-cucina-italiana-nel-mondo-apresenta-estomago-2-o-poderoso-chef-de-marcos-jorge\/2705757?referrer=iicrio.esteri.it\">aqui\u00a0<\/a><\/p>\n<p><a href=\"https:\/\/www.youtube.com\/watch?v=UruvMc2fqVc\">Est\u00f4mago 2 Trailler<\/a><\/p>\n<p><a href=\"https:\/\/iicrio.esteri.it\/it\/gli_eventi\/calendario\/settimana-della-cucina-italiana-nel-mondo-presenta-estomago-2-o-poderoso-chefao-di-marcos-jorge\/\"><img loading=\"lazy\" decoding=\"async\" class=\"wp-image-3738 img-fluid\" src=\"https:\/\/consriodejaneiro.esteri.it\/wp-content\/uploads\/2024\/11\/WhatsApp-Image-2024-11-13-at-12.26.58-300x300.jpeg\" alt=\"\" width=\"229\" height=\"229\" srcset=\"https:\/\/consriodejaneiro.esteri.it\/wp-content\/uploads\/2024\/11\/WhatsApp-Image-2024-11-13-at-12.26.58-300x300.jpeg 300w, https:\/\/consriodejaneiro.esteri.it\/wp-content\/uploads\/2024\/11\/WhatsApp-Image-2024-11-13-at-12.26.58-1024x1024.jpeg 1024w, https:\/\/consriodejaneiro.esteri.it\/wp-content\/uploads\/2024\/11\/WhatsApp-Image-2024-11-13-at-12.26.58-150x150.jpeg 150w, https:\/\/consriodejaneiro.esteri.it\/wp-content\/uploads\/2024\/11\/WhatsApp-Image-2024-11-13-at-12.26.58-768x768.jpeg 768w, https:\/\/consriodejaneiro.esteri.it\/wp-content\/uploads\/2024\/11\/WhatsApp-Image-2024-11-13-at-12.26.58.jpeg 1080w\" sizes=\"auto, (max-width: 229px) 100vw, 229px\" \/><\/a><\/p>\n<ul>\n<li><strong>Quinta-feira, 28 de novembro <\/strong><\/li>\n<\/ul>\n<p><strong>17:00 MASTERCLASS DA CHEF MARISTELLA SODR\u00c9\u00a0 &#8211; ISTITUTO ITALIANO DI CULTURA<\/strong><\/p>\n<p>A Chef Maristella Sodr\u00e9, em colabora\u00e7\u00e3o com a <a href=\"https:\/\/gastromotiva.org\/en\/\">ONG GASTROMOTIVA<\/a>, guiar\u00e1 os participantes na prepara\u00e7\u00e3o de <strong>um card\u00e1pio vegetariano<\/strong> dedicado \u00e0 &#8220;Dieta Mediterr\u00e2nea&#8221; e \u00e0 &#8220;Cozinha das Ra\u00edzes&#8221;.<br \/>\n<strong>O men\u00f9 inclui<\/strong>:<\/p>\n<p>&#8211; <strong>Antipasto<\/strong><br \/>\n<em>Carpaccio de beterraba<\/em>;<\/p>\n<p>&#8211;<strong> Primo Piatto<\/strong><br \/>\n<em>Ragu vegetariano com legumes ao forno<\/em>;<\/p>\n<p>&#8211; <strong>Dolce<\/strong><br \/>\n<em>Bolo de borra de caf\u00e9<\/em>.<\/p>\n<p><a href=\"https:\/\/wa.me\/+552125487854\">CLIQUE AQUI<\/a> para se inscrever!<\/p>\n<p><img loading=\"lazy\" decoding=\"async\" class=\"alignnone wp-image-3740 img-fluid\" src=\"https:\/\/consriodejaneiro.esteri.it\/wp-content\/uploads\/2024\/11\/WhatsApp-Image-2024-11-13-at-10.43.07-300x300.jpeg\" alt=\"\" width=\"207\" height=\"207\" srcset=\"https:\/\/consriodejaneiro.esteri.it\/wp-content\/uploads\/2024\/11\/WhatsApp-Image-2024-11-13-at-10.43.07-300x300.jpeg 300w, https:\/\/consriodejaneiro.esteri.it\/wp-content\/uploads\/2024\/11\/WhatsApp-Image-2024-11-13-at-10.43.07-1024x1024.jpeg 1024w, https:\/\/consriodejaneiro.esteri.it\/wp-content\/uploads\/2024\/11\/WhatsApp-Image-2024-11-13-at-10.43.07-150x150.jpeg 150w, https:\/\/consriodejaneiro.esteri.it\/wp-content\/uploads\/2024\/11\/WhatsApp-Image-2024-11-13-at-10.43.07-768x768.jpeg 768w, https:\/\/consriodejaneiro.esteri.it\/wp-content\/uploads\/2024\/11\/WhatsApp-Image-2024-11-13-at-10.43.07.jpeg 1080w\" sizes=\"auto, (max-width: 207px) 100vw, 207px\" \/><\/p>\n<ul>\n<li><strong>Sexta-feira, 29 de novembre<\/strong><\/li>\n<\/ul>\n<p><strong>19:00 &#8211; 22:00 JANTAR A QUATRO M\u00c3OS &#8211; TERRA\u00c7O CASA D&#8217;ITALIA<\/strong><\/p>\n<p>Jantar a quatro m\u00e3os, <strong>criado pelos Chefs italianos Silvio Podda<\/strong>, do restaurante <strong>CASA DO SARDO<\/strong>, e <strong>do Chef e Michele Petenzi <\/strong>do restaurante <strong>ALLORO AL MIRAMAR.\u00a0<\/strong><br \/>\nO jantar ter\u00e1 um <strong>men\u00f9 inteiramente \u00e0 base de caf\u00e9<\/strong>, em homenagem ao 150\u00ba anivers\u00e1rio da imigra\u00e7\u00e3o italiana no Brasil.<br \/>\n<strong>O men\u00f9 inclui<\/strong>:<\/p>\n<p>&#8211; <strong>Aperitivo<\/strong><br \/>\n<em>Seadas de caf\u00e9 com queijo ricotta de leite de ovelha;<\/em><\/p>\n<p>&#8211; <strong>Antipasto<\/strong><br \/>\n<em>Cappuccino de bacalhau mantecado e batatas com p\u00f3 de caf\u00e9;<\/em><\/p>\n<p>&#8211; <strong>Prato Principal<\/strong><br \/>\n<em>Ravioli de ab\u00f3bora com caf\u00e9 e rag\u00f9 branco;<\/em><\/p>\n<p>&#8211; <strong>Sobremesa<\/strong><br \/>\n<em>Tiramis\u00f9 \u00e0 colher.<\/em><\/p>\n<p>O evento est\u00e0 sujeito a vagas limitadas, garanta o sua partecipa\u00e7ao <a href=\"https:\/\/www.sympla.com.br\/evento\/ix-settimana-della-cucina-italiana-nel-mondo\/2727011?_gl=1*3454zb*_gcl_au*NjM3NTAzMDY4LjE3MzEwNzYxNTQ.*_ga*MTgzMTYyMjA1OC4xNzI1MDMyNDcz*_ga_KXH10SQTZF*MTczMTA3OTk3MS41MS4xLjE3MzEwODIxMTIuNTUuMC4xNTU0NzY2OTQ3\">AQUI<\/a>.<\/p>\n<p><img loading=\"lazy\" decoding=\"async\" class=\"alignnone wp-image-3748 img-fluid\" src=\"https:\/\/consriodejaneiro.esteri.it\/wp-content\/uploads\/2024\/11\/WhatsApp-Image-2024-11-13-at-09.19.15-300x300.jpeg\" alt=\"\" width=\"228\" height=\"228\" srcset=\"https:\/\/consriodejaneiro.esteri.it\/wp-content\/uploads\/2024\/11\/WhatsApp-Image-2024-11-13-at-09.19.15-300x300.jpeg 300w, https:\/\/consriodejaneiro.esteri.it\/wp-content\/uploads\/2024\/11\/WhatsApp-Image-2024-11-13-at-09.19.15-1024x1024.jpeg 1024w, https:\/\/consriodejaneiro.esteri.it\/wp-content\/uploads\/2024\/11\/WhatsApp-Image-2024-11-13-at-09.19.15-150x150.jpeg 150w, https:\/\/consriodejaneiro.esteri.it\/wp-content\/uploads\/2024\/11\/WhatsApp-Image-2024-11-13-at-09.19.15-768x768.jpeg 768w, https:\/\/consriodejaneiro.esteri.it\/wp-content\/uploads\/2024\/11\/WhatsApp-Image-2024-11-13-at-09.19.15.jpeg 1080w\" sizes=\"auto, (max-width: 228px) 100vw, 228px\" \/> <img loading=\"lazy\" decoding=\"async\" class=\"alignnone wp-image-3745 img-fluid\" src=\"https:\/\/consriodejaneiro.esteri.it\/wp-content\/uploads\/2024\/11\/WhatsApp-Image-2024-11-13-at-09.19.15-1-300x300.jpeg\" alt=\"\" width=\"229\" height=\"229\" srcset=\"https:\/\/consriodejaneiro.esteri.it\/wp-content\/uploads\/2024\/11\/WhatsApp-Image-2024-11-13-at-09.19.15-1-300x300.jpeg 300w, https:\/\/consriodejaneiro.esteri.it\/wp-content\/uploads\/2024\/11\/WhatsApp-Image-2024-11-13-at-09.19.15-1-1024x1024.jpeg 1024w, https:\/\/consriodejaneiro.esteri.it\/wp-content\/uploads\/2024\/11\/WhatsApp-Image-2024-11-13-at-09.19.15-1-150x150.jpeg 150w, https:\/\/consriodejaneiro.esteri.it\/wp-content\/uploads\/2024\/11\/WhatsApp-Image-2024-11-13-at-09.19.15-1-768x768.jpeg 768w, https:\/\/consriodejaneiro.esteri.it\/wp-content\/uploads\/2024\/11\/WhatsApp-Image-2024-11-13-at-09.19.15-1.jpeg 1080w\" sizes=\"auto, (max-width: 229px) 100vw, 229px\" \/> <img loading=\"lazy\" decoding=\"async\" class=\"alignnone wp-image-3743 img-fluid\" src=\"https:\/\/consriodejaneiro.esteri.it\/wp-content\/uploads\/2024\/11\/WhatsApp-Image-2024-11-13-at-09.19.16-300x300.jpeg\" alt=\"\" width=\"231\" height=\"231\" srcset=\"https:\/\/consriodejaneiro.esteri.it\/wp-content\/uploads\/2024\/11\/WhatsApp-Image-2024-11-13-at-09.19.16-300x300.jpeg 300w, https:\/\/consriodejaneiro.esteri.it\/wp-content\/uploads\/2024\/11\/WhatsApp-Image-2024-11-13-at-09.19.16-1024x1024.jpeg 1024w, https:\/\/consriodejaneiro.esteri.it\/wp-content\/uploads\/2024\/11\/WhatsApp-Image-2024-11-13-at-09.19.16-150x150.jpeg 150w, https:\/\/consriodejaneiro.esteri.it\/wp-content\/uploads\/2024\/11\/WhatsApp-Image-2024-11-13-at-09.19.16-768x768.jpeg 768w, https:\/\/consriodejaneiro.esteri.it\/wp-content\/uploads\/2024\/11\/WhatsApp-Image-2024-11-13-at-09.19.16.jpeg 1080w\" sizes=\"auto, (max-width: 231px) 100vw, 231px\" \/><\/p>\n<p>&nbsp;<\/p>\n<p>&nbsp;<\/p>\n<p>&nbsp;<\/p>\n","protected":false},"excerpt":{"rendered":"A &#8220;IX Settimana della Cucina Italiana nel Mondo&#8221; acontecer\u00e1 de 13\u00a0a 29 de novembro, na Casa d&#8217;Italia e em todos os Restaurantes Italianos selecionados. O tema desta edi\u00e7\u00e3o \u00e9 &#8220;Dieta Mediterr\u00e2nea e a Cozinha das Ra\u00edzes &#8211; Sa\u00fade e Tradi\u00e7\u00e3o&#8220;. Segue a programa\u00e7\u00e3o com os eventos dedicados: Quarta-feira, 13 de novembro &#8211; Ter\u00e7a-feira, 19 de [&hellip;]","protected":false},"author":6,"featured_media":3616,"comment_status":"closed","ping_status":"closed","sticky":false,"template":"","format":"standard","meta":{"footnotes":""},"tags":[],"class_list":["post-3488","post","type-post","status-publish","format-standard","has-post-thumbnail","hentry"],"_links":{"self":[{"href":"https:\/\/consriodejaneiro.esteri.it\/br\/wp-json\/wp\/v2\/posts\/3488","targetHints":{"allow":["GET"]}}],"collection":[{"href":"https:\/\/consriodejaneiro.esteri.it\/br\/wp-json\/wp\/v2\/posts"}],"about":[{"href":"https:\/\/consriodejaneiro.esteri.it\/br\/wp-json\/wp\/v2\/types\/post"}],"author":[{"embeddable":true,"href":"https:\/\/consriodejaneiro.esteri.it\/br\/wp-json\/wp\/v2\/users\/6"}],"replies":[{"embeddable":true,"href":"https:\/\/consriodejaneiro.esteri.it\/br\/wp-json\/wp\/v2\/comments?post=3488"}],"version-history":[{"count":6,"href":"https:\/\/consriodejaneiro.esteri.it\/br\/wp-json\/wp\/v2\/posts\/3488\/revisions"}],"predecessor-version":[{"id":3808,"href":"https:\/\/consriodejaneiro.esteri.it\/br\/wp-json\/wp\/v2\/posts\/3488\/revisions\/3808"}],"wp:featuredmedia":[{"embeddable":true,"href":"https:\/\/consriodejaneiro.esteri.it\/br\/wp-json\/wp\/v2\/media\/3616"}],"wp:attachment":[{"href":"https:\/\/consriodejaneiro.esteri.it\/br\/wp-json\/wp\/v2\/media?parent=3488"}],"wp:term":[{"taxonomy":"post_tag","embeddable":true,"href":"https:\/\/consriodejaneiro.esteri.it\/br\/wp-json\/wp\/v2\/tags?post=3488"}],"curies":[{"name":"wp","href":"https:\/\/api.w.org\/{rel}","templated":true}]}}