{"id":3879,"date":"2024-11-25T20:11:51","date_gmt":"2024-11-25T19:11:51","guid":{"rendered":"https:\/\/consriodejaneiro.esteri.it\/?p=3879"},"modified":"2024-11-25T20:14:11","modified_gmt":"2024-11-25T19:14:11","slug":"dia-internacional-pela-eliminacao-da-violencia-contra-as-mulheres","status":"publish","type":"post","link":"https:\/\/consriodejaneiro.esteri.it\/br\/news\/dal_consolato\/2024\/11\/dia-internacional-pela-eliminacao-da-violencia-contra-as-mulheres\/","title":{"rendered":"Dia Internacional pela Elimina\u00e7\u00e3o da Viol\u00eancia contra as Mulheres"},"content":{"rendered":"<p>Este ano, o Minist\u00e9rio dos Neg\u00f3cios Estrangeiros e da Coopera\u00e7\u00e3o Internacional adere, mais uma vez, \u00e0 campanha de mobiliza\u00e7\u00e3o internacional em ocasi\u00e3o do Dia Internacional para a Elimina\u00e7\u00e3o da Viol\u00eancia contra as Mulheres. Conforme indicado pelo Vice-Presidente do Conselho e Ministro dos Neg\u00f3cios Estrangeiros e da Coopera\u00e7\u00e3o Internacional, Hon. Antonio Tajani, &#8220;A It\u00e1lia deve estar na linha de frente na promo\u00e7\u00e3o da igualdade de g\u00eanero e do empoderamento feminino, especialmente na preven\u00e7\u00e3o e combate a todas as formas de discrimina\u00e7\u00e3o e viol\u00eancia contra as mulheres.&#8221;<\/p>\n<p>Este ano, o tema ser\u00e1 abordado na reuni\u00e3o ministerial do G7 de Assuntos Exteriores, que acontecer\u00e1 em Fiuggi-Anagni. No dia 25 de novembro, durante a reuni\u00e3o ministerial, ser\u00e1 inaugurado um &#8220;banco vermelho&#8221; \u2013 em mem\u00f3ria das mulheres v\u00edtimas de viol\u00eancia e das vidas perdidas \u2013 com a coloca\u00e7\u00e3o de uma placa comemorativa pelos Ministros dos Neg\u00f3cios Estrangeiros presentes no Teatro Municipal de Fiuggi, cuja fachada ser\u00e1 iluminada de laranja para a ocasi\u00e3o.<\/p>\n<p>A iniciativa confirma a aten\u00e7\u00e3o que a It\u00e1lia, na qualidade de Presid\u00eancia do G7, dedicou ao tema da preven\u00e7\u00e3o e combate \u00e0 viol\u00eancia contra mulheres e meninas, especialmente nas numerosas situa\u00e7\u00f5es de conflito, onde a viol\u00eancia sexual \u00e9 usada como arma de guerra.<\/p>\n<p>Seguindo a orienta\u00e7\u00e3o do Ministro Tajani, o Minist\u00e9rio dos Neg\u00f3cios Estrangeiros e sua rede diplom\u00e1tica aderem tamb\u00e9m este ano \u00e0 campanha &#8220;Orange the World: End Violence against Women Now!&#8221;, promovida pela ONU Mulheres, que d\u00e1 in\u00edcio a 16 dias de iniciativas ao lado da sociedade civil. Para a ocasi\u00e3o, o Minist\u00e9rio se iluminar\u00e1 de laranja no dia 25 de novembro.<\/p>\n<p>A elimina\u00e7\u00e3o da viol\u00eancia contra as mulheres e o apoio ao empoderamento feminino continuam sendo pilares da a\u00e7\u00e3o da pol\u00edtica externa e da coopera\u00e7\u00e3o para o desenvolvimento da It\u00e1lia. S\u00e3o testemunhos disso as numerosas campanhas internacionais, como as destinadas \u00e0 erradica\u00e7\u00e3o das mutila\u00e7\u00f5es genitais femininas e dos casamentos precoces e for\u00e7ados, nas quais a It\u00e1lia sempre esteve na linha de frente, e nosso compromisso no \u00e2mbito da Comiss\u00e3o da ONU sobre a Condi\u00e7\u00e3o da Mulher.<\/p>\n<p>Tamb\u00e9m no \u00e2mbito da Agenda da ONU &#8220;Mulheres, Paz e Seguran\u00e7a&#8221;, a It\u00e1lia, por meio de um Plano de A\u00e7\u00e3o Nacional, se coloca na vanguarda entre os Estados membros das Na\u00e7\u00f5es Unidas, promovendo iniciativas para garantir a plena participa\u00e7\u00e3o das mulheres em todas as atividades de preven\u00e7\u00e3o e resolu\u00e7\u00e3o de conflitos, como a Rede de Mulheres Mediadoras do Mediterr\u00e2neo, lan\u00e7ada pela It\u00e1lia em 2017.<\/p>\n<p>As recentes Diretrizes da Coopera\u00e7\u00e3o Italiana sobre igualdade de g\u00eanero e o fortalecimento das mulheres, meninas e crian\u00e7as t\u00eam como objetivo intensificar ainda mais nosso compromisso por meio de iniciativas espec\u00edficas, que v\u00e3o desde a sa\u00fade feminina, materno-infantil, sexual e reprodutiva, at\u00e9 o apoio a programas voltados para a educa\u00e7\u00e3o de meninas e mulheres.<\/p>\n<p>A pedido do Ministro Tajani, o Minist\u00e9rio dos Neg\u00f3cios Estrangeiros dedicou \u00e0 mem\u00f3ria de Giulia Cecchettin, v\u00edtima de feminic\u00eddio \u00e0s v\u00e9speras de sua formatura em Engenharia, o programa de bolsas de estudo &#8220;Invest Your Talent in Italy&#8221; para jovens talentos internacionais, que oferece cursos de especializa\u00e7\u00e3o nas \u00e1reas de Engenharia, Economia ou Arquitetura em universidades italianas, al\u00e9m de per\u00edodos de forma\u00e7\u00e3o em empresas no nosso pa\u00eds.<\/p>\n","protected":false},"excerpt":{"rendered":"Este ano, o Minist\u00e9rio dos Neg\u00f3cios Estrangeiros e da Coopera\u00e7\u00e3o Internacional adere, mais uma vez, \u00e0 campanha de mobiliza\u00e7\u00e3o internacional em ocasi\u00e3o do Dia Internacional para a Elimina\u00e7\u00e3o da Viol\u00eancia contra as Mulheres. Conforme indicado pelo Vice-Presidente do Conselho e Ministro dos Neg\u00f3cios Estrangeiros e da Coopera\u00e7\u00e3o Internacional, Hon. Antonio Tajani, &#8220;A It\u00e1lia deve estar [&hellip;]","protected":false},"author":6,"featured_media":3874,"comment_status":"closed","ping_status":"closed","sticky":false,"template":"","format":"standard","meta":{"footnotes":""},"tags":[29],"class_list":["post-3879","post","type-post","status-publish","format-standard","has-post-thumbnail","hentry","tag-diritti-umani"],"_links":{"self":[{"href":"https:\/\/consriodejaneiro.esteri.it\/br\/wp-json\/wp\/v2\/posts\/3879","targetHints":{"allow":["GET"]}}],"collection":[{"href":"https:\/\/consriodejaneiro.esteri.it\/br\/wp-json\/wp\/v2\/posts"}],"about":[{"href":"https:\/\/consriodejaneiro.esteri.it\/br\/wp-json\/wp\/v2\/types\/post"}],"author":[{"embeddable":true,"href":"https:\/\/consriodejaneiro.esteri.it\/br\/wp-json\/wp\/v2\/users\/6"}],"replies":[{"embeddable":true,"href":"https:\/\/consriodejaneiro.esteri.it\/br\/wp-json\/wp\/v2\/comments?post=3879"}],"version-history":[{"count":1,"href":"https:\/\/consriodejaneiro.esteri.it\/br\/wp-json\/wp\/v2\/posts\/3879\/revisions"}],"predecessor-version":[{"id":3882,"href":"https:\/\/consriodejaneiro.esteri.it\/br\/wp-json\/wp\/v2\/posts\/3879\/revisions\/3882"}],"wp:featuredmedia":[{"embeddable":true,"href":"https:\/\/consriodejaneiro.esteri.it\/br\/wp-json\/wp\/v2\/media\/3874"}],"wp:attachment":[{"href":"https:\/\/consriodejaneiro.esteri.it\/br\/wp-json\/wp\/v2\/media?parent=3879"}],"wp:term":[{"taxonomy":"post_tag","embeddable":true,"href":"https:\/\/consriodejaneiro.esteri.it\/br\/wp-json\/wp\/v2\/tags?post=3879"}],"curies":[{"name":"wp","href":"https:\/\/api.w.org\/{rel}","templated":true}]}}