{"id":3949,"date":"2024-12-10T16:07:00","date_gmt":"2024-12-10T15:07:00","guid":{"rendered":"https:\/\/consriodejaneiro.esteri.it\/?p=3949"},"modified":"2024-12-10T16:15:48","modified_gmt":"2024-12-10T15:15:48","slug":"redescubra-suas-origens-italianas","status":"publish","type":"post","link":"https:\/\/consriodejaneiro.esteri.it\/br\/news\/dal_consolato\/2024\/12\/redescubra-suas-origens-italianas\/","title":{"rendered":"Redescubra suas origens italianas"},"content":{"rendered":"<div class=\"mb-4\">\n<p class=\"wp-block-heading\" style=\"text-align: justify;\"><strong><a href=\"https:\/\/italea.com\/pt-pt\/sobre-nos\/\">Italea<\/a> \u00e9 o programa de promo\u00e7\u00e3o do turismo de raiz,<\/strong> lan\u00e7ado pelo Minist\u00e9rio dos Neg\u00f3cios Estrangeiros e da Coopera\u00e7\u00e3o Internacional no \u00e2mbito do projeto PNRR e financiado pelo NextGenerationEU.<\/p>\n<div class=\"mb-4\">\n<p><strong>O projeto visa atrair os italianos no estrangeiro e os descendentes de italianos que desejam descobrir os lugares e as tradi\u00e7\u00f5es das suas origens,<\/strong> fornecendo um conjunto de servi\u00e7os para facilitar a viagem a It\u00e1lia, gra\u00e7as tamb\u00e9m \u00e0 organiza\u00e7\u00e3o capilar de 20 grupos, um em cada regi\u00e3o italiana, que se encarregar\u00e3o de informar, acolher e assistir os viajantes das suas ra\u00edzes.<\/p>\n<p><strong><a href=\"https:\/\/italea.com\/pt-pt\/sobre-nos\/\">Italea<\/a> \u00e9 um projeto dedicado tanto \u00e0queles que j\u00e1 conhecem as suas origens italianas<\/strong> e querem organizar uma viagem para descobrir e redescobrir os lugares, os costumes e a cultura dos seus antepassados, como \u00e0queles que ainda n\u00e3o as identificaram e que poder\u00e3o recorrer a uma rede de genealogistas de confian\u00e7a.<\/p>\n<p>O nome Italea deriva de \u201ccutting\u201d, uma pr\u00e1tica atrav\u00e9s da qual se permite que uma planta se propague. Se cortares uma parte dela e a replantares, podes dar-lhe uma nova vida, criando novas ra\u00edzes: tal como acontece com a migra\u00e7\u00e3o. Este programa representa a gratid\u00e3o para com a \u201cplanta-m\u00e3e\u201d que floresce no mundo.<\/p>\n<p class=\"fs32px mb-3\"><strong>A It\u00e1lia est\u00e1 esperando por voc\u00ea, siga suas ra\u00edzes!<\/strong><br \/>\nVamos ajud\u00e1-lo a organizar uma viagem inesquec\u00edvel.<br \/>\nInspire-se e descubra todas as vantagens do\u00a0<a href=\"https:\/\/italea.com\/italea-card\">Cart\u00e3o Italea<\/a><\/p>\n<p class=\"my-5\">Queremos ajud\u00e1-lo a organizar uma viagem extraordin\u00e1ria para descobrir os lugares, tradi\u00e7\u00f5es e cultura da It\u00e1lia. Comece a jornada para descobrir suas ra\u00edzes.<\/p>\n<\/div>\n<div class=\"d-flex flex-column flex-lg-row justify-content-between\"><img loading=\"lazy\" decoding=\"async\" class=\"mb-5 ms-4 ms-lg-0\" src=\"https:\/\/italea.com\/wp-content\/uploads\/2024\/01\/IT_Finanziato_dall_Unione_europea_RGB_MONOCHROME.png\" alt=\"Financiado pela Uni\u00e3o Europeia\" width=\"300\" height=\"67\" \/><img loading=\"lazy\" decoding=\"async\" class=\"mb-5 ms-4 ms-lg-0\" src=\"https:\/\/italea.com\/wp-content\/uploads\/2024\/01\/MAECI-marchio-O-IT-01.png\" alt=\"Minist\u00e9rio das Rela\u00e7\u00f5es Exteriores e Coopera\u00e7\u00e3o Internacional\" width=\"260\" height=\"67\" \/><img loading=\"lazy\" decoding=\"async\" class=\"mb-5\" src=\"https:\/\/italea.com\/wp-content\/themes\/tema-mitdev\/assets\/svg\/MiC.svg\" alt=\"Ministero della Cultura\" width=\"260\" height=\"67\" \/><\/div>\n<\/div>\n","protected":false},"excerpt":{"rendered":"Italea \u00e9 o programa de promo\u00e7\u00e3o do turismo de raiz, lan\u00e7ado pelo Minist\u00e9rio dos Neg\u00f3cios Estrangeiros e da Coopera\u00e7\u00e3o Internacional no \u00e2mbito do projeto PNRR e financiado pelo NextGenerationEU. O projeto visa atrair os italianos no estrangeiro e os descendentes de italianos que desejam descobrir os lugares e as tradi\u00e7\u00f5es das suas origens, fornecendo um [&hellip;]","protected":false},"author":6,"featured_media":3952,"comment_status":"closed","ping_status":"closed","sticky":false,"template":"","format":"standard","meta":{"footnotes":""},"tags":[],"class_list":["post-3949","post","type-post","status-publish","format-standard","has-post-thumbnail","hentry"],"_links":{"self":[{"href":"https:\/\/consriodejaneiro.esteri.it\/br\/wp-json\/wp\/v2\/posts\/3949","targetHints":{"allow":["GET"]}}],"collection":[{"href":"https:\/\/consriodejaneiro.esteri.it\/br\/wp-json\/wp\/v2\/posts"}],"about":[{"href":"https:\/\/consriodejaneiro.esteri.it\/br\/wp-json\/wp\/v2\/types\/post"}],"author":[{"embeddable":true,"href":"https:\/\/consriodejaneiro.esteri.it\/br\/wp-json\/wp\/v2\/users\/6"}],"replies":[{"embeddable":true,"href":"https:\/\/consriodejaneiro.esteri.it\/br\/wp-json\/wp\/v2\/comments?post=3949"}],"version-history":[{"count":1,"href":"https:\/\/consriodejaneiro.esteri.it\/br\/wp-json\/wp\/v2\/posts\/3949\/revisions"}],"predecessor-version":[{"id":3955,"href":"https:\/\/consriodejaneiro.esteri.it\/br\/wp-json\/wp\/v2\/posts\/3949\/revisions\/3955"}],"wp:featuredmedia":[{"embeddable":true,"href":"https:\/\/consriodejaneiro.esteri.it\/br\/wp-json\/wp\/v2\/media\/3952"}],"wp:attachment":[{"href":"https:\/\/consriodejaneiro.esteri.it\/br\/wp-json\/wp\/v2\/media?parent=3949"}],"wp:term":[{"taxonomy":"post_tag","embeddable":true,"href":"https:\/\/consriodejaneiro.esteri.it\/br\/wp-json\/wp\/v2\/tags?post=3949"}],"curies":[{"name":"wp","href":"https:\/\/api.w.org\/{rel}","templated":true}]}}