{"id":4137,"date":"2025-01-24T18:40:27","date_gmt":"2025-01-24T17:40:27","guid":{"rendered":"https:\/\/consriodejaneiro.esteri.it\/?p=4137"},"modified":"2025-01-24T18:52:54","modified_gmt":"2025-01-24T17:52:54","slug":"invest-your-talent-in-italy-apertura-del-bando-relativo-alla-decima-edizione-del-programma-a-a-2025-2026","status":"publish","type":"post","link":"https:\/\/consriodejaneiro.esteri.it\/br\/news\/dal_consolato\/2025\/01\/invest-your-talent-in-italy-apertura-del-bando-relativo-alla-decima-edizione-del-programma-a-a-2025-2026\/","title":{"rendered":"Abertura do edital para bolsas de estudo &#8220;Invest Your Talent in Italy&#8221; (IYT) \u2013 Ano Acad\u00eamico 2025\/2026"},"content":{"rendered":"<p><strong>Aviso: Abertura do edital para bolsas de estudo &#8220;Invest Your Talent in Italy&#8221; (IYT) \u2013 Ano Acad\u00eamico 2025\/2026<\/strong><\/p>\n<p>Foi oficialmente lan\u00e7ado o edital para a concess\u00e3o das bolsas de estudo <em>Invest Your Talent in Italy<\/em> (IYT) relativas ao Ano Acad\u00eamico 2025\/2026.<\/p>\n<p><strong>Candidaturas:<\/strong><br \/>\nOs estudantes interessados devem enviar sua candidatura exclusivamente de forma online, acessando a plataforma dedicada:<br \/>\n\ud83d\udc49 <a href=\"https:\/\/investyourtalentapplication.esteri.it\/SitoIYT\/EN\/invest-your-talent-in-italy\" target=\"_new\" rel=\"noopener\">https:\/\/investyourtalentapplication.esteri.it\/SitoIYT\/EN\/invest-your-talent-in-italy<\/a><\/p>\n<p><strong>Prazo:<\/strong><br \/>\nAs candidaturas devem ser enviadas at\u00e9, no m\u00e1ximo, o dia <strong>24 de fevereiro de 2025<\/strong>.<\/p>\n<p><strong>Universidades participantes:<\/strong><br \/>\nAs Universidades de Bergamo, Brescia, Floren\u00e7a, Parma, Tuscia e a Universidade Ca\u2019 Foscari de Veneza confirmaram a disponibilidade de financiar bolsas de estudo para os candidatos aprovados que escolherem se matricular em uma dessas institui\u00e7\u00f5es participantes do Programa.<\/p>\n<hr \/>\n<h3><strong>Informa\u00e7\u00f5es sobre o programa &#8220;Invest Your Talent in Italy&#8221;<\/strong><\/h3>\n<p>O programa <em>Invest Your Talent in Italy<\/em> promove a internacionaliza\u00e7\u00e3o do sistema universit\u00e1rio italiano como um centro de excel\u00eancia. Ele oferece aos estudantes estrangeiros um percurso formativo \u00fanico e a oportunidade de construir uma carreira de sucesso.<\/p>\n<p><strong>Objetivos:<\/strong><\/p>\n<ul>\n<li>Desenvolver compet\u00eancias acad\u00eamicas, t\u00e9cnicas e profissionais.<\/li>\n<li>Participar de cursos de Mestrado e p\u00f3s-gradua\u00e7\u00e3o em \u00e1reas estrat\u00e9gicas:\n<ul>\n<li>Engenharia\/Tecnologias Avan\u00e7adas<\/li>\n<li>Arquitetura\/Design<\/li>\n<li>Economia e Gest\u00e3o<\/li>\n<\/ul>\n<\/li>\n<\/ul>\n<p><strong>Benef\u00edcios para os bolsistas:<\/strong><\/p>\n<ul>\n<li>Cursos ministrados inteiramente em ingl\u00eas nas melhores universidades italianas.<\/li>\n<li>Forma\u00e7\u00e3o pr\u00e1tica em empresas italianas.<\/li>\n<li>Bolsa de estudo com dura\u00e7\u00e3o de 9 meses como suporte financeiro.<\/li>\n<\/ul>\n<p><strong>Este programa \u00e9 uma oportunidade \u00fanica para destacar o seu talento. <em>Invest Your Talent in Italy<\/em> \u00e9 o caminho certo para impulsionar o seu futuro!<\/strong><\/p>\n","protected":false},"excerpt":{"rendered":"Aviso: Abertura do edital para bolsas de estudo &#8220;Invest Your Talent in Italy&#8221; (IYT) \u2013 Ano Acad\u00eamico 2025\/2026 Foi oficialmente lan\u00e7ado o edital para a concess\u00e3o das bolsas de estudo Invest Your Talent in Italy (IYT) relativas ao Ano Acad\u00eamico 2025\/2026. Candidaturas: Os estudantes interessados devem enviar sua candidatura exclusivamente de forma online, acessando a [&hellip;]","protected":false},"author":6,"featured_media":4142,"comment_status":"closed","ping_status":"closed","sticky":false,"template":"","format":"standard","meta":{"footnotes":""},"tags":[],"class_list":["post-4137","post","type-post","status-publish","format-standard","has-post-thumbnail","hentry"],"_links":{"self":[{"href":"https:\/\/consriodejaneiro.esteri.it\/br\/wp-json\/wp\/v2\/posts\/4137","targetHints":{"allow":["GET"]}}],"collection":[{"href":"https:\/\/consriodejaneiro.esteri.it\/br\/wp-json\/wp\/v2\/posts"}],"about":[{"href":"https:\/\/consriodejaneiro.esteri.it\/br\/wp-json\/wp\/v2\/types\/post"}],"author":[{"embeddable":true,"href":"https:\/\/consriodejaneiro.esteri.it\/br\/wp-json\/wp\/v2\/users\/6"}],"replies":[{"embeddable":true,"href":"https:\/\/consriodejaneiro.esteri.it\/br\/wp-json\/wp\/v2\/comments?post=4137"}],"version-history":[{"count":5,"href":"https:\/\/consriodejaneiro.esteri.it\/br\/wp-json\/wp\/v2\/posts\/4137\/revisions"}],"predecessor-version":[{"id":4154,"href":"https:\/\/consriodejaneiro.esteri.it\/br\/wp-json\/wp\/v2\/posts\/4137\/revisions\/4154"}],"wp:featuredmedia":[{"embeddable":true,"href":"https:\/\/consriodejaneiro.esteri.it\/br\/wp-json\/wp\/v2\/media\/4142"}],"wp:attachment":[{"href":"https:\/\/consriodejaneiro.esteri.it\/br\/wp-json\/wp\/v2\/media?parent=4137"}],"wp:term":[{"taxonomy":"post_tag","embeddable":true,"href":"https:\/\/consriodejaneiro.esteri.it\/br\/wp-json\/wp\/v2\/tags?post=4137"}],"curies":[{"name":"wp","href":"https:\/\/api.w.org\/{rel}","templated":true}]}}