{"id":4439,"date":"2024-11-01T17:52:32","date_gmt":"2024-11-01T16:52:32","guid":{"rendered":"https:\/\/consriodejaneiro.esteri.it\/?p=4439"},"modified":"2025-03-06T17:58:45","modified_gmt":"2025-03-06T16:58:45","slug":"aviso-publico-patrocinio-ou-apoio-para-criacao-e-divulgacao-do-polo-cultural-italianorio-2025","status":"publish","type":"post","link":"https:\/\/consriodejaneiro.esteri.it\/br\/news\/dal_consolato\/2024\/11\/aviso-publico-patrocinio-ou-apoio-para-criacao-e-divulgacao-do-polo-cultural-italianorio-2025\/","title":{"rendered":"AVISO PUBLICO \u2013 PATROCINIO OU APOIO PARA CRIA\u00c7\u00c3O E DIVULGA\u00c7\u00c3O DO POLO CULTURAL ITALIANORIO 2025"},"content":{"rendered":"<p style=\"text-align: justify;\">O Consulado Geral da It\u00e1lia no Rio de Janeiro tem o prazer de anunciar a busca por patroc\u00ednios para as atividades do\u00a0 <strong>POLO CULTURALE ITALIANORIO &#8211; arte, design e inova\u00e7\u00e3o<\/strong> no ano de 2025.<\/p>\n<p style=\"text-align: justify;\">O Polo Cultural e Italiano representa um ponto de refer\u00eancia para a promo\u00e7\u00e3o da cultura italiana no Brasil, por meio de um rico programa de eventos que v\u00e3o da arte contempor\u00e2nea ao design, da comida e do vinho \u00e0 m\u00fasica, at\u00e9 a inova\u00e7\u00e3o tecnol\u00f3gica e a sustentabilidade. Para 2025, o calend\u00e1rio inclui grandes eventos, incluindo:<\/p>\n<ul style=\"text-align: justify;\">\n<li><strong>Feira Italiana de Vinhos &#8220;Vinhos Artesanais&#8221; (10 a 11 de mar\u00e7o):<\/strong> um evento exclusivo com a participa\u00e7\u00e3o de 15 produtores italianos, degusta\u00e7\u00f5es e um jantar especial na Casa d&#8217;Italia, em colabora\u00e7\u00e3o com Mondoroso.<\/li>\n<li><strong>Expo &#8220;Desigualdades. Design para uma vida melhor&#8221; (abril-maio): <\/strong>em colabora\u00e7\u00e3o com o Instituto Europeu de Design (IED), uma exposi\u00e7\u00e3o dedicada ao design como ferramenta para reduzir as desigualdades sociais.<\/li>\n<li><strong>Inaugura\u00e7\u00e3o da Piazza Italia (2 de junho): <\/strong>um evento institucional de grande visibilidade, que celebra a cultura italiana atrav\u00e9s de instala\u00e7\u00f5es art\u00edsticas e performances.<\/li>\n<li><strong>Exposi\u00e7\u00e3o &#8220;Portinari&#8221; (julho-outubro, com finaliza\u00e7\u00e3o em outubro):<\/strong> uma homenagem ao famoso artista brasileiro de origem italiana.<\/li>\n<li><strong>Cartazes culturais (outubro\/novembro):<\/strong> um projeto gr\u00e1fico em conjunto com o Festival do Rio.<\/li>\n<\/ul>\n<p style=\"text-align: justify;\">O Consulado Geral da It\u00e1lia oferece aos parceiros e patrocinadores ampla visibilidade por meio de materiais promocionais, coletivas de imprensa, plataformas digitais e presen\u00e7a nos principais eventos culturais do ano.<\/p>\n<p style=\"text-align: justify;\">As empresas e institui\u00e7\u00f5es interessadas em apoiar as atividades do Polo Cultural e Italianorio s\u00e3o convidadas a entrar em contato com o Consulado para receber mais informa\u00e7\u00f5es sobre os m\u00e9todos de colabora\u00e7\u00e3o e sobre as oportunidades de visibilidade dedicadas aos parceiros.<\/p>\n<p style=\"text-align: justify;\">Para mais informa\u00e7\u00f5es:<\/p>\n<p style=\"text-align: justify;\"><a href=\"https:\/\/consriodejaneiro.esteri.it\/wp-content\/uploads\/2025\/01\/20250306125659795.pdf\"><strong>Anexo A &#8211; EDITAL\u00a0<\/strong><\/a><\/p>\n<p style=\"text-align: justify;\"><a href=\"https:\/\/consriodejaneiro.esteri.it\/wp-content\/uploads\/2025\/01\/2024-PORTOGHESE-Polo-Cultural-ITALIANORIO-2024-5_compressed-1.pdf\"><b>Anexo B &#8211; PRESENTAZIONE POLO ITALIANORIO 2024\u00a0<\/b><\/a><\/p>\n<p style=\"text-align: justify;\"><a href=\"https:\/\/consriodejaneiro.esteri.it\/wp-content\/uploads\/2025\/01\/Anexo-C-OFERTA-DE-PATROCINIO.docx\"><strong>Anexo C &#8211; OFERTA DE PATROC\u00cdNIO<\/strong><\/a><\/p>\n<p style=\"text-align: justify;\"><a href=\"https:\/\/consriodejaneiro.esteri.it\/wp-content\/uploads\/2024\/02\/Allegato-I-DOCUMENTO-UNICO-DEI-REQUISITI.docx\"><strong>Anexo I \u2013 DOCUMENTO \u00daNICO DE REQUISITOS<\/strong><\/a><\/p>\n<p style=\"text-align: justify;\"><a href=\"https:\/\/consriodejaneiro.esteri.it\/wp-content\/uploads\/2024\/02\/Allegato-I-DOCUMENTO-UNICO-DEI-REQUISITI.docx\"><strong>Anexo II &#8211; INFORMA\u00c7\u00c3O SOBRE DADOS PESSOAIS<\/strong><\/a><\/p>\n<p data-start=\"33\" data-end=\"224\">Informa-se tamb\u00e9m que \u00e9 poss\u00edvel financiar o projeto cultural do Polo por meio das Leis de Incentivo \u00e0 Cultura Local, atrav\u00e9s da <strong data-start=\"163\" data-end=\"178\">Lei Rouanet<\/strong>, \u00e0 qual o projeto est\u00e1 regularmente inscrito.<\/p>\n<p data-start=\"226\" data-end=\"285\"><a href=\"https:\/\/consriodejaneiro.esteri.it\/wp-content\/uploads\/2025\/01\/Apresentacao_Lei-Rouanet_Polo_2025.pdf\"><strong data-start=\"226\" data-end=\"285\">Apresenta\u00e7\u00e3o da LEI ROUANET &#8211; POLO CULTURAL ITALIANORIO<\/strong><\/a><\/p>\n<p data-start=\"287\" data-end=\"396\">Para mais informa\u00e7\u00f5es, favor entrar em contato com: <a href=\"mailto:riodejaneiro.eventi@esteri.it\" rel=\"noopener\" data-start=\"339\" data-end=\"368\">riodejaneiro.eventi@esteri.it<\/a> e <a href=\"mailto:roberto@artepadilla.rio\" rel=\"noopener\" data-start=\"371\" data-end=\"394\">roberto@artepadilla.rio<\/a>.<\/p>\n","protected":false},"excerpt":{"rendered":"O Consulado Geral da It\u00e1lia no Rio de Janeiro tem o prazer de anunciar a busca por patroc\u00ednios para as atividades do\u00a0 POLO CULTURALE ITALIANORIO &#8211; arte, design e inova\u00e7\u00e3o no ano de 2025. O Polo Cultural e Italiano representa um ponto de refer\u00eancia para a promo\u00e7\u00e3o da cultura italiana no Brasil, por meio de [&hellip;]","protected":false},"author":6,"featured_media":0,"comment_status":"closed","ping_status":"closed","sticky":false,"template":"","format":"standard","meta":{"footnotes":""},"tags":[],"class_list":["post-4439","post","type-post","status-publish","format-standard","hentry"],"_links":{"self":[{"href":"https:\/\/consriodejaneiro.esteri.it\/br\/wp-json\/wp\/v2\/posts\/4439","targetHints":{"allow":["GET"]}}],"collection":[{"href":"https:\/\/consriodejaneiro.esteri.it\/br\/wp-json\/wp\/v2\/posts"}],"about":[{"href":"https:\/\/consriodejaneiro.esteri.it\/br\/wp-json\/wp\/v2\/types\/post"}],"author":[{"embeddable":true,"href":"https:\/\/consriodejaneiro.esteri.it\/br\/wp-json\/wp\/v2\/users\/6"}],"replies":[{"embeddable":true,"href":"https:\/\/consriodejaneiro.esteri.it\/br\/wp-json\/wp\/v2\/comments?post=4439"}],"version-history":[{"count":6,"href":"https:\/\/consriodejaneiro.esteri.it\/br\/wp-json\/wp\/v2\/posts\/4439\/revisions"}],"predecessor-version":[{"id":4477,"href":"https:\/\/consriodejaneiro.esteri.it\/br\/wp-json\/wp\/v2\/posts\/4439\/revisions\/4477"}],"wp:attachment":[{"href":"https:\/\/consriodejaneiro.esteri.it\/br\/wp-json\/wp\/v2\/media?parent=4439"}],"wp:term":[{"taxonomy":"post_tag","embeddable":true,"href":"https:\/\/consriodejaneiro.esteri.it\/br\/wp-json\/wp\/v2\/tags?post=4439"}],"curies":[{"name":"wp","href":"https:\/\/api.w.org\/{rel}","templated":true}]}}