{"id":4745,"date":"2025-01-02T22:42:56","date_gmt":"2025-01-02T21:42:56","guid":{"rendered":"https:\/\/consriodejaneiro.esteri.it\/?p=4745"},"modified":"2025-07-15T14:17:19","modified_gmt":"2025-07-15T12:17:19","slug":"aviso-de-busca-de-patrocinios-para-a-promocao-de-eventos-no-ano-de-2025","status":"publish","type":"post","link":"https:\/\/consriodejaneiro.esteri.it\/br\/news\/dal_consolato\/2025\/01\/aviso-de-busca-de-patrocinios-para-a-promocao-de-eventos-no-ano-de-2025\/","title":{"rendered":"Aviso de busca de patroc\u00ednios para a promo\u00e7\u00e3o de eventos no ano de 2025"},"content":{"rendered":"<p style=\"text-align: justify;\">O Consulado Geral da It\u00e1lia em Rio de Janeiro pretende realizar a <strong>busca por patroc\u00ednios<\/strong> para as iniciativas de promo\u00e7\u00e3o cultural, cient\u00edfica, econ\u00f4mico-comercial e de networking que ser\u00e3o realizadas nesta jurisdi\u00e7\u00e3o ao longo de 2025. Dentre essas iniciativas, destacam-se especialmente a Festa da Rep\u00fablica (2 de junho) e a Semana da Cozinha Italiana no Mundo (novembro), al\u00e9m de outros eventos, cujo calend\u00e1rio ser\u00e1 divulgado oportunamente.<\/p>\n<p style=\"text-align: justify;\">Nestes eventos, as empresas italianas poder\u00e3o promover a pr\u00f3pria imagem, o nome da empresa e\/ou outros elementos distintivos, atrav\u00e9s da publica\u00e7\u00e3o do log\u00f3tipo ou de uma mensagem promocional, nos espa\u00e7os publicit\u00e1rios ligados a estes eventos, ap\u00f3s a formaliza\u00e7\u00e3o de um contrato de patroc\u00ednio com este Consulado-Geral.<\/p>\n<p style=\"text-align: justify;\">Para apresentar uma oferta de patroc\u00ednio \u00e9 necess\u00e1rio enviar via e-mail para o endere\u00e7o <a class=\"focus--mouse\" href=\"mailto:riodejaneiro.eventi@esteri.it\" data-focus-mouse=\"true\">riodejaneiro.eventi@esteri.it<\/a>\u00a0o formul\u00e1rio <a href=\"https:\/\/consriodejaneiro.esteri.it\/wp-content\/uploads\/2025\/01\/Allegato-A.docx\"><strong><em>Oferta de patroc\u00ednio<\/em><\/strong><\/a>, junto ao\u00a0<a href=\"https:\/\/consriodejaneiro.esteri.it\/wp-content\/uploads\/2025\/01\/Allegato-I-DOCUMENTO-UNICO-DEI-REQUISITI-1-1-1.docx\"><strong><em>Documento \u00danico de Requisitos<\/em><\/strong><\/a>\u00a0e a\u00a0<em><a href=\"https:\/\/consriodejaneiro.esteri.it\/wp-content\/uploads\/2025\/01\/Allegato-II-INFORMATIVA-PROTEZIONE-DATI-PERSONALI-1-1-1.docx\"><strong>Informativa sobre a Prote\u00e7\u00e3o das Pessoas F\u00edsicas em Rela\u00e7\u00e3o ao Tratamento de Dados Pessoai<\/strong>s<\/a>\u00a0<\/em>preenchidos e assinados, e <strong>c\u00f3pia de um documento de identidade.<\/strong><\/p>\n","protected":false},"excerpt":{"rendered":"O Consulado Geral da It\u00e1lia em Rio de Janeiro pretende realizar a busca por patroc\u00ednios para as iniciativas de promo\u00e7\u00e3o cultural, cient\u00edfica, econ\u00f4mico-comercial e de networking que ser\u00e3o realizadas nesta jurisdi\u00e7\u00e3o ao longo de 2025. Dentre essas iniciativas, destacam-se especialmente a Festa da Rep\u00fablica (2 de junho) e a Semana da Cozinha Italiana no Mundo [&hellip;]","protected":false},"author":6,"featured_media":0,"comment_status":"closed","ping_status":"closed","sticky":false,"template":"","format":"standard","meta":{"footnotes":""},"tags":[],"class_list":["post-4745","post","type-post","status-publish","format-standard","hentry"],"_links":{"self":[{"href":"https:\/\/consriodejaneiro.esteri.it\/br\/wp-json\/wp\/v2\/posts\/4745","targetHints":{"allow":["GET"]}}],"collection":[{"href":"https:\/\/consriodejaneiro.esteri.it\/br\/wp-json\/wp\/v2\/posts"}],"about":[{"href":"https:\/\/consriodejaneiro.esteri.it\/br\/wp-json\/wp\/v2\/types\/post"}],"author":[{"embeddable":true,"href":"https:\/\/consriodejaneiro.esteri.it\/br\/wp-json\/wp\/v2\/users\/6"}],"replies":[{"embeddable":true,"href":"https:\/\/consriodejaneiro.esteri.it\/br\/wp-json\/wp\/v2\/comments?post=4745"}],"version-history":[{"count":5,"href":"https:\/\/consriodejaneiro.esteri.it\/br\/wp-json\/wp\/v2\/posts\/4745\/revisions"}],"predecessor-version":[{"id":5443,"href":"https:\/\/consriodejaneiro.esteri.it\/br\/wp-json\/wp\/v2\/posts\/4745\/revisions\/5443"}],"wp:attachment":[{"href":"https:\/\/consriodejaneiro.esteri.it\/br\/wp-json\/wp\/v2\/media?parent=4745"}],"wp:term":[{"taxonomy":"post_tag","embeddable":true,"href":"https:\/\/consriodejaneiro.esteri.it\/br\/wp-json\/wp\/v2\/tags?post=4745"}],"curies":[{"name":"wp","href":"https:\/\/api.w.org\/{rel}","templated":true}]}}