{"id":4864,"date":"2025-05-21T21:41:42","date_gmt":"2025-05-21T19:41:42","guid":{"rendered":"https:\/\/consriodejaneiro.esteri.it\/?p=4864"},"modified":"2025-05-21T22:12:01","modified_gmt":"2025-05-21T20:12:01","slug":"4864","status":"publish","type":"post","link":"https:\/\/consriodejaneiro.esteri.it\/br\/news\/dal_consolato\/2025\/05\/4864\/","title":{"rendered":"Reforma da normativa sobre o reconhecimento da cidadania jure sanguinis"},"content":{"rendered":"<p style=\"text-align: justify;\">Em 20\/05\/2025, o Parlamento Italiano converteu em lei o Decreto-Lei n.\u00ba 36\/2025, que cont\u00e9m \u201cDisposi\u00e7\u00f5es urgentes em mat\u00e9ria de cidadania\u201d.<\/p>\n<p style=\"text-align: justify;\" data-start=\"199\" data-end=\"364\">O novo texto normativo ser\u00e1 em breve promulgado pelo Presidente da Rep\u00fablica e publicado no Di\u00e1rio Oficial da Rep\u00fablica Italiana (<a class=\"\" href=\"https:\/\/www.gazzettaufficiale.it\/\" target=\"_new\" rel=\"noopener\" data-start=\"329\" data-end=\"362\">https:\/\/www.gazzettaufficiale.it\/<\/a>).<\/p>\n<p style=\"text-align: justify;\" data-start=\"366\" data-end=\"636\" data-is-last-node=\"\" data-is-only-node=\"\">Assim que forem recebidas do Minist\u00e9rio das Rela\u00e7\u00f5es Exteriores e da Coopera\u00e7\u00e3o Internacional as instru\u00e7\u00f5es relativas \u00e0s modalidades de aplica\u00e7\u00e3o das novas disposi\u00e7\u00f5es legais, ser\u00e1 publicada, neste site e nos canais oficiais da Sede, uma comunica\u00e7\u00e3o completa e imediata.<\/p>\n","protected":false},"excerpt":{"rendered":"Em 20\/05\/2025, o Parlamento Italiano converteu em lei o Decreto-Lei n.\u00ba 36\/2025, que cont\u00e9m \u201cDisposi\u00e7\u00f5es urgentes em mat\u00e9ria de cidadania\u201d. O novo texto normativo ser\u00e1 em breve promulgado pelo Presidente da Rep\u00fablica e publicado no Di\u00e1rio Oficial da Rep\u00fablica Italiana (https:\/\/www.gazzettaufficiale.it\/). Assim que forem recebidas do Minist\u00e9rio das Rela\u00e7\u00f5es Exteriores e da Coopera\u00e7\u00e3o Internacional as [&hellip;]","protected":false},"author":6,"featured_media":4875,"comment_status":"closed","ping_status":"closed","sticky":false,"template":"","format":"standard","meta":{"footnotes":""},"tags":[],"class_list":["post-4864","post","type-post","status-publish","format-standard","has-post-thumbnail","hentry"],"_links":{"self":[{"href":"https:\/\/consriodejaneiro.esteri.it\/br\/wp-json\/wp\/v2\/posts\/4864","targetHints":{"allow":["GET"]}}],"collection":[{"href":"https:\/\/consriodejaneiro.esteri.it\/br\/wp-json\/wp\/v2\/posts"}],"about":[{"href":"https:\/\/consriodejaneiro.esteri.it\/br\/wp-json\/wp\/v2\/types\/post"}],"author":[{"embeddable":true,"href":"https:\/\/consriodejaneiro.esteri.it\/br\/wp-json\/wp\/v2\/users\/6"}],"replies":[{"embeddable":true,"href":"https:\/\/consriodejaneiro.esteri.it\/br\/wp-json\/wp\/v2\/comments?post=4864"}],"version-history":[{"count":5,"href":"https:\/\/consriodejaneiro.esteri.it\/br\/wp-json\/wp\/v2\/posts\/4864\/revisions"}],"predecessor-version":[{"id":4879,"href":"https:\/\/consriodejaneiro.esteri.it\/br\/wp-json\/wp\/v2\/posts\/4864\/revisions\/4879"}],"wp:featuredmedia":[{"embeddable":true,"href":"https:\/\/consriodejaneiro.esteri.it\/br\/wp-json\/wp\/v2\/media\/4875"}],"wp:attachment":[{"href":"https:\/\/consriodejaneiro.esteri.it\/br\/wp-json\/wp\/v2\/media?parent=4864"}],"wp:term":[{"taxonomy":"post_tag","embeddable":true,"href":"https:\/\/consriodejaneiro.esteri.it\/br\/wp-json\/wp\/v2\/tags?post=4864"}],"curies":[{"name":"wp","href":"https:\/\/api.w.org\/{rel}","templated":true}]}}