{"id":5624,"date":"2025-08-21T14:41:59","date_gmt":"2025-08-21T12:41:59","guid":{"rendered":"https:\/\/consriodejaneiro.esteri.it\/news\/dal_consolato\/2025\/08\/bando-di-concorso-assunzione-di-1-impiegato-a-contratto-assistente-amministrativo-ambasciata-ditalia-a-brasilia\/"},"modified":"2025-08-21T14:46:04","modified_gmt":"2025-08-21T12:46:04","slug":"bando-di-concorso-assunzione-di-1-impiegato-a-contratto-assistente-amministrativo-ambasciata-ditalia-a-brasilia","status":"publish","type":"post","link":"https:\/\/consriodejaneiro.esteri.it\/br\/news\/dal_consolato\/2025\/08\/bando-di-concorso-assunzione-di-1-impiegato-a-contratto-assistente-amministrativo-ambasciata-ditalia-a-brasilia\/","title":{"rendered":"Edital de concurso: contrata\u00e7\u00e3o de 1 funcion\u00e1rio local (Assistente Administrativo) &#8211; Embaixada da It\u00e1lia em Bras\u00edlia"},"content":{"rendered":"<div class=\"entry-content\">\n<p>A <strong>Embaixada da It\u00e1lia em Bras\u00edlia<\/strong> torna p\u00fablica a abertura de <strong>procedimento seletivo destinado \u00e0 contrata\u00e7\u00e3o de 1 empregado<\/strong>\u00a0sob regime de <strong>contrato por tempo indeterminado<\/strong>, para exercer fun\u00e7\u00f5es na categoria de <strong>Assistente Administrativo<\/strong>.<\/p>\n<p>O candidato selecionado ser\u00e1, prioritariamente, destinado ao desempenho de atividades nas \u00e1reas de<strong> cultura e comunica\u00e7\u00e3o<\/strong>.<\/p>\n<p><strong>As inscri\u00e7\u00f5es dever\u00e3o ser apresentadas at\u00e9 \u00e0s 23h59 (hor\u00e1rio de Bras\u00edlia) do dia 22 de setembro de 2025.<\/strong><\/p>\n<p data-start=\"42\" data-end=\"234\">\u2013&gt; Baixar o <a href=\"https:\/\/ambbrasilia.esteri.it\/wp-content\/uploads\/2025\/08\/01-Bando-firmato-pubblicato-20-08-2025.pdf\">edital<\/a><\/p>\n<p data-start=\"337\" data-end=\"372\">\u2013&gt; Baixar o <a href=\"https:\/\/ambbrasilia.esteri.it\/wp-content\/uploads\/2025\/08\/fac-simile.doc\">modelo de requerimento\u00a0<\/a><\/p>\n<\/div>\n<p>&nbsp;<\/p>\n","protected":false},"excerpt":{"rendered":"A Embaixada da It\u00e1lia em Bras\u00edlia torna p\u00fablica a abertura de procedimento seletivo destinado \u00e0 contrata\u00e7\u00e3o de 1 empregado\u00a0sob regime de contrato por tempo indeterminado, para exercer fun\u00e7\u00f5es na categoria de Assistente Administrativo. O candidato selecionado ser\u00e1, prioritariamente, destinado ao desempenho de atividades nas \u00e1reas de cultura e comunica\u00e7\u00e3o. As inscri\u00e7\u00f5es dever\u00e3o ser apresentadas at\u00e9 [&hellip;]","protected":false},"author":7,"featured_media":0,"comment_status":"closed","ping_status":"closed","sticky":false,"template":"","format":"standard","meta":{"footnotes":""},"tags":[],"class_list":["post-5624","post","type-post","status-publish","format-standard","hentry"],"_links":{"self":[{"href":"https:\/\/consriodejaneiro.esteri.it\/br\/wp-json\/wp\/v2\/posts\/5624","targetHints":{"allow":["GET"]}}],"collection":[{"href":"https:\/\/consriodejaneiro.esteri.it\/br\/wp-json\/wp\/v2\/posts"}],"about":[{"href":"https:\/\/consriodejaneiro.esteri.it\/br\/wp-json\/wp\/v2\/types\/post"}],"author":[{"embeddable":true,"href":"https:\/\/consriodejaneiro.esteri.it\/br\/wp-json\/wp\/v2\/users\/7"}],"replies":[{"embeddable":true,"href":"https:\/\/consriodejaneiro.esteri.it\/br\/wp-json\/wp\/v2\/comments?post=5624"}],"version-history":[{"count":1,"href":"https:\/\/consriodejaneiro.esteri.it\/br\/wp-json\/wp\/v2\/posts\/5624\/revisions"}],"predecessor-version":[{"id":5627,"href":"https:\/\/consriodejaneiro.esteri.it\/br\/wp-json\/wp\/v2\/posts\/5624\/revisions\/5627"}],"wp:attachment":[{"href":"https:\/\/consriodejaneiro.esteri.it\/br\/wp-json\/wp\/v2\/media?parent=5624"}],"wp:term":[{"taxonomy":"post_tag","embeddable":true,"href":"https:\/\/consriodejaneiro.esteri.it\/br\/wp-json\/wp\/v2\/tags?post=5624"}],"curies":[{"name":"wp","href":"https:\/\/api.w.org\/{rel}","templated":true}]}}