{"id":6177,"date":"2025-12-08T21:21:12","date_gmt":"2025-12-08T20:21:12","guid":{"rendered":"https:\/\/consriodejaneiro.esteri.it\/?p=6177"},"modified":"2025-12-08T21:24:34","modified_gmt":"2025-12-08T20:24:34","slug":"mario-amura-napoli-explosion-fogos-cores-luzes","status":"publish","type":"post","link":"https:\/\/consriodejaneiro.esteri.it\/br\/news\/dal_consolato\/2025\/12\/mario-amura-napoli-explosion-fogos-cores-luzes\/","title":{"rendered":"\u201cMario Amura: Napoli Explosion. Fogos, Cores, Luzes\u201d"},"content":{"rendered":"<p><strong>\u201cMario Amura: Napoli Explosion. Fogos, Cores, Luzes\u201d<\/strong><\/p>\n<p><em>Em clima de celebra\u00e7\u00e3o de ano novo, a mostra encerra triunfalmente o calend\u00e1rio <\/em><em>de exposi\u00e7\u00f5es de 2025 no Polo ItaliaNoRio<\/em><\/p>\n<p style=\"text-align: justify;\">Do dia 11 de dezembro de 2025 a 7 de fevereiro de 2026, o p\u00fablico poder\u00e1 apreciar, no Polo ItaliaNoRio, 20 obras fotogr\u00e1ficas de formato m\u00e9dio, al\u00e9m de um v\u00eddeo-document\u00e1rio de 18 minutos, retratando um dos rituais coletivos mais emblem\u00e1ticos e belos do Mediterr\u00e2neo: a noite de R\u00e9veillon em N\u00e1poles. \u00c9 quando o povo napolitano transforma, por algumas horas, o temor ancestral do vulc\u00e3o Ves\u00favio em uma festa de luz feita de centenas de milhares de fogos de artif\u00edcio &#8211; tradi\u00e7\u00e3o tamb\u00e9m cultuada na cidade do Rio de Janeiro.<\/p>\n<p style=\"text-align: justify;\">As obras n\u00e3o descrevem: evocam nuvens, criaturas e constela\u00e7\u00f5es que emergem da escurid\u00e3o em uma explos\u00e3o de formas e cores. A exposi\u00e7\u00e3o no Rio celebra n\u00e3o apenas N\u00e1poles, mas o di\u00e1logo entre duas cidades irm\u00e3s, unidas pela mesma linguagem de luz e festa.<\/p>\n<p style=\"text-align: justify;\">O R\u00e9veillon de Copacabana \u00e9 o cen\u00e1rio ideal para expor essas imagens. Assim como N\u00e1poles, o Rio conhece intimamente o poder simb\u00f3lico dos fogos: o mar, a m\u00fasica, a multid\u00e3o, a catarse da noite que se acende, invadida por promessas. Dois povos distantes que, nesta mesma noite, se mobilizam em torno do mesmo gesto. Assim, transformam o medo em beleza, a expectativa em esperan\u00e7a e a escurid\u00e3o em luz.<\/p>\n<p style=\"text-align: justify;\"><em>\u201cOs napolitanos exorcizam o medo pela erup\u00e7\u00e3o do vulc\u00e3o, fazendo explodir em luzes e cores todo o golfo de N\u00e1poles\u201d, <\/em>afirma Mario Amura<em>. \u201cTodo dia 31 de dezembro, subo o Monte Faito com uma equipe de amigos para observar esse rito coletivo. L\u00e1 do alto, a cidade se transforma em um horizonte invertido, em uma paisagem c\u00f3smica onde os fogos se tornam pinceladas de pura emo\u00e7\u00e3o\u201d.<\/em><\/p>\n<p style=\"text-align: justify;\">A Tenaris, Ternium, Grupo Autoglass, Vale, Generali Seguros, TIM Brasil, Saipem do Brasil e Leonardo do Brasil patrocinam a exposi\u00e7\u00e3o na Programa\u00e7\u00e3o 2025 do POLO CULTURAL ITALIANORIO, via Lei Federal de Incentivo \u00e0 Cultura do Minist\u00e9rio da Cultura, com produ\u00e7\u00e3o e coordena\u00e7\u00e3o da Artepadilla.<\/p>\n<p style=\"text-align: justify;\"><strong>Em 2025, N\u00e1poles completa 2.500 anos e se ilumina para se mostrar ao mundo<\/strong><\/p>\n<p style=\"text-align: justify;\">Nas fotografias de Amura, \u00e9 subvertido o imagin\u00e1rio iconogr\u00e1fico do Ves\u00favio, s\u00edmbolo eterno de N\u00e1poles. Enquanto nas pinturas a guache e nas obras-primas de Turner, Marlow, Volaire e Warhol o vulc\u00e3o \u00e9 colorido pela lava que o cobre, em \u201cNapoli Explosion\u201d, o Ves\u00favio surge como uma sombra silenciosa, submersa pela explos\u00e3o dos fogos nas celebra\u00e7\u00f5es de Ano-Novo.<\/p>\n<p style=\"text-align: justify;\"><em>\u201c\u2019Napoli Explosion\u2019 \u00e9 uma exposi\u00e7\u00e3o em que a fotografia, a pintura e a arte pirot\u00e9cnica convergem em um \u00fanico e extraordin\u00e1rio evento. \u00c9 o presente de Ano Novo que Mario Amura oferece \u00e0 cidade de N\u00e1poles\u201d,<\/em> diz Sylvain Bellenger, ex-diretor do Museu e Real Bosco di Capodimonte.<\/p>\n<p style=\"text-align: justify;\"><em>\u201cO aspecto de Napoli Explosion que mais impressiona \u00e9 a sua \u2018coralidade\u2019\u201d<\/em>, observa o historiador de arte e professor Salvatore Settis, presidente do Comit\u00ea Cient\u00edfico do Louvre. <em>\u201cDurante a noite da virada do ano, a cidade de N\u00e1poles vibra com milhares, dezenas de milhares, talvez centenas de milhares de pessoas que fazem explodir ou assistem \u00e0 explos\u00e3o desses fogos de artif\u00edcio, sem saber que est\u00e3o contribuindo para uma obra pict\u00f3rica coletiva\u201d.<\/em><\/p>\n<p style=\"text-align: justify;\"><strong>Um relato de luz, uma festa universal<\/strong><\/p>\n<p style=\"text-align: justify;\">Amura captura o tempo da luz, que acaba por se tornar o gesto da pincelada. O efeito transformador da realidade posto em pr\u00e1tica em <em>Napoli Explosion<\/em> prova que a fotografia possui uma zona imagin\u00e1ria pr\u00f3pria, uma liberdade t\u00e3o grande que nem mesmo o fot\u00f3grafo consegue control\u00e1-la. <em>Napoli Explosion<\/em> \u00e9 resultado de treze anos de trabalho: cada fotografia \u00e9 uma estratifica\u00e7\u00e3o de tempo e luz, uma pintura fotogr\u00e1fica que une a precis\u00e3o do fotojornalismo \u00e0 sensibilidade da pintura.<\/p>\n<p><strong>Saiba mais sobre Mario Amura <\/strong><\/p>\n<p>Nascido em N\u00e1poles, em 1973, sua forma\u00e7\u00e3o come\u00e7ou no Centro Sperimentale di Cinematografia, onde frequentou as aulas do mestre Giuseppe Rotunno.<\/p>\n<p>De 2000 a 2012, foi respons\u00e1vel pela dire\u00e7\u00e3o de fotografia de v\u00e1rias obras cinematogr\u00e1ficas apresentadas nos mais prestigiados festivais internacionais &#8211; Cannes, Berlim e Veneza. Em 2003, recebeu o Pr\u00eamio David di Donatello da Academia Italiana de Cinema pelo curta-metragem Racconto di Guerra, ambientado na Sarajevo sitiada de 1996.<\/p>\n<p>Desde 2005, trabalha no projeto StopEmotion, com o qual inicia uma pesquisa fotogr\u00e1fica voltada para a fragmenta\u00e7\u00e3o da linearidade do tempo cronol\u00f3gico em picos emocionais. O tempo, assim, se purifica, deixa de ser uma medida e se torna um objeto concreto cuja ess\u00eancia \u00e9 a visibilidade das emo\u00e7\u00f5es. Com a t\u00e9cnica do StopEmotion, reuniu material fotogr\u00e1fico na B\u00f3snia, \u00cdndia, China rural, Camboja, Sri Lanka, Am\u00e9rica Latina, Inglaterra e Fran\u00e7a. Seus projetos de fotojornalismo s\u00e3o marcados pela necessidade de amadurecimento ao longo de extensos per\u00edodos de tempo, permitindo que a experi\u00eancia se deposite em cada imagem. Desde 2007, trabalha no projeto Fujenti, que se encontra em andamento.<\/p>\n<p><em>Napoli Explosion<\/em> \u00e9 um projeto iniciado em 2010 e ainda em evolu\u00e7\u00e3o.<\/p>\n<p>Site oficial: <a href=\"https:\/\/mario-amura.com\">https:\/\/mario-amura.com<\/a><\/p>\n<p>Instagram: @marioamura @napoliexplosion<\/p>\n<p>Servi\u00e7o<\/p>\n<p><strong>\u201cMario Amura: Napoli Explosion. Fogos, Cores, Luzes\u201d<\/strong><\/p>\n<p>Fotografias de Mario Amura<\/p>\n<p>Visita\u00e7\u00e3o: De 11 de dezembro de 2025 a 7 de fevereiro de 2026<\/p>\n<p>Curadoria: Instituto Italiano de Cultura do Rio de Janeiro<\/p>\n<p>Local: Polo Cultural ItaliaNoRio &#8211; Casa d\u2019Italia<\/p>\n<p>Endere\u00e7o: Av. Pres. Ant\u00f4nio Carlos, 40 \u2013 Centro, Rio de Janeiro (RJ)<\/p>\n<p>Funcionamento: De segunda a sexta, das 8h \u00e0s 17h; aos s\u00e1bados, das 10h \u00e0s 17h<\/p>\n<p>Produ\u00e7\u00e3o: Napex s.r.l. e Artepadilla<\/p>\n<p>Informa\u00e7\u00f5es \u00e0 imprensa: BriefCom Assessoria de Comunica\u00e7\u00e3o \/ Bia Sampaio: (21) 98181-8351 \/ <a href=\"mailto:biasampaio@briefcom.com.br\">biasampaio@briefcom.com.br<\/a> \/ @briefcomcomunicacao<\/p>\n<p>Instagram: poloitaliaorio<\/p>\n<p>Classifica\u00e7\u00e3o livre<\/p>\n<p>Entrada franca<\/p>\n<p>&nbsp;<\/p>\n","protected":false},"excerpt":{"rendered":"\u201cMario Amura: Napoli Explosion. Fogos, Cores, Luzes\u201d Em clima de celebra\u00e7\u00e3o de ano novo, a mostra encerra triunfalmente o calend\u00e1rio de exposi\u00e7\u00f5es de 2025 no Polo ItaliaNoRio Do dia 11 de dezembro de 2025 a 7 de fevereiro de 2026, o p\u00fablico poder\u00e1 apreciar, no Polo ItaliaNoRio, 20 obras fotogr\u00e1ficas de formato m\u00e9dio, al\u00e9m de [&hellip;]","protected":false},"author":6,"featured_media":6176,"comment_status":"closed","ping_status":"closed","sticky":false,"template":"","format":"standard","meta":{"footnotes":""},"tags":[],"class_list":["post-6177","post","type-post","status-publish","format-standard","has-post-thumbnail","hentry"],"_links":{"self":[{"href":"https:\/\/consriodejaneiro.esteri.it\/br\/wp-json\/wp\/v2\/posts\/6177","targetHints":{"allow":["GET"]}}],"collection":[{"href":"https:\/\/consriodejaneiro.esteri.it\/br\/wp-json\/wp\/v2\/posts"}],"about":[{"href":"https:\/\/consriodejaneiro.esteri.it\/br\/wp-json\/wp\/v2\/types\/post"}],"author":[{"embeddable":true,"href":"https:\/\/consriodejaneiro.esteri.it\/br\/wp-json\/wp\/v2\/users\/6"}],"replies":[{"embeddable":true,"href":"https:\/\/consriodejaneiro.esteri.it\/br\/wp-json\/wp\/v2\/comments?post=6177"}],"version-history":[{"count":1,"href":"https:\/\/consriodejaneiro.esteri.it\/br\/wp-json\/wp\/v2\/posts\/6177\/revisions"}],"predecessor-version":[{"id":6178,"href":"https:\/\/consriodejaneiro.esteri.it\/br\/wp-json\/wp\/v2\/posts\/6177\/revisions\/6178"}],"wp:featuredmedia":[{"embeddable":true,"href":"https:\/\/consriodejaneiro.esteri.it\/br\/wp-json\/wp\/v2\/media\/6176"}],"wp:attachment":[{"href":"https:\/\/consriodejaneiro.esteri.it\/br\/wp-json\/wp\/v2\/media?parent=6177"}],"wp:term":[{"taxonomy":"post_tag","embeddable":true,"href":"https:\/\/consriodejaneiro.esteri.it\/br\/wp-json\/wp\/v2\/tags?post=6177"}],"curies":[{"name":"wp","href":"https:\/\/api.w.org\/{rel}","templated":true}]}}