{"id":6940,"date":"2026-07-10T18:17:18","date_gmt":"2026-07-10T16:17:18","guid":{"rendered":"https:\/\/consriodejaneiro.esteri.it\/news\/dal_consolato\/2026\/07\/cessazione-della-validita-della-carta-didentita-cartacea-per-lespatrio-dal-3-agosto\/"},"modified":"2026-08-04T17:05:33","modified_gmt":"2026-08-04T15:05:33","slug":"cessazione-della-validita-della-carta-didentita-cartacea-per-lespatrio-dal-3-agosto","status":"publish","type":"post","link":"https:\/\/consriodejaneiro.esteri.it\/br\/news\/dal_consolato\/2026\/07\/cessazione-della-validita-della-carta-didentita-cartacea-per-lespatrio-dal-3-agosto\/","title":{"rendered":"Cessa\u00e7\u00e3o da validade da carteira de identidade em papel para viagens ao exterior a partir de 3 de agosto"},"content":{"rendered":"<p>A partir de 3 de agosto de 2026, a vers\u00e3o em papel da carteira de identidade deixar\u00e1 de ser v\u00e1lida para viagens ao exterior, independentemente da data de validade indicada no verso.<\/p>\n<p>O Decreto-Lei n\u00ba 108, de 26\/06\/2026, introduziu algumas altera\u00e7\u00f5es importantes:<\/p>\n<ul>\n<li>A Carteira de Identidade em Papel, desde que ainda v\u00e1lida, poder\u00e1 ser utilizada como documento de identifica\u00e7\u00e3o nas rela\u00e7\u00f5es com a Administra\u00e7\u00e3o P\u00fablica italiana e com os \u00f3rg\u00e3os que prestam servi\u00e7os p\u00fablicos, inclusive os Consulados;<\/li>\n<li>Os Munic\u00edpios italianos, em casos de urg\u00eancia, poder\u00e3o emitir um documento de identidade provis\u00f3rio v\u00e1lido para viagens ao exterior, n\u00e3o renov\u00e1vel e com validade n\u00e3o superior a 6 meses. Esse documento poder\u00e1 n\u00e3o ser aceito em alguns pa\u00edses: verifique os requisitos de entrada no portal <a href=\"https:\/\/www.viaggiaresicuri.it\/home\">Viaggiare Sicuri<\/a>;<\/li>\n<li>A partir de 30 de julho de 2026, a Carteira de Identidade Eletr\u00f4nica Italiana (Carta d\u2019Identit\u00e0 Elettronica \u2013 CIE) emitida para cidad\u00e3os com 70 anos de idade ou mais, na data da solicita\u00e7\u00e3o, ter\u00e1 validade por tempo indeterminado, permanecendo v\u00e1lida tamb\u00e9m para viagens ao exterior, quando permitidas.<\/li>\n<\/ul>\n<p>Entre em contato conosco para saber como solicitar a nova Carteira de Identidade Eletr\u00f4nica (CIE): <a href=\"https:\/\/www.esteri.it\/it\/ministero\/struttura\/laretediplomatica\/\">https:\/\/www.esteri.it\/it\/ministero\/struttura\/laretediplomatica\/<\/a> .<\/p>\n<p>Desde 1\u00ba de junho, os cidad\u00e3os italianos residentes no exterior (AIRE) tamb\u00e9m podem solicitar a CIE em qualquer Munic\u00edpio italiano, conforme previsto na Lei n\u00ba 11, de 19 de janeiro de 2026. Lembre-se de levar consigo o seu Codice Fiscale!<\/p>\n<p>Caso a carteira de identidade n\u00e3o seja entregue no prazo de 30 dias, favor entrar em contato com nossos escrit\u00f3rios escrevendo para: <a href=\"mailto:pass.riodejaneiro@esteri.it\">pass.riodejaneiro@esteri.it<\/a>.<\/p>\n","protected":false},"excerpt":{"rendered":"A partir de 3 de agosto de 2026, a vers\u00e3o em papel da carteira de identidade deixar\u00e1 de ser v\u00e1lida para viagens ao exterior, independentemente da data de validade indicada no verso. O Decreto-Lei n\u00ba 108, de 26\/06\/2026, introduziu algumas altera\u00e7\u00f5es importantes: A Carteira de Identidade em Papel, desde que ainda v\u00e1lida, poder\u00e1 ser utilizada [&hellip;]","protected":false},"author":6,"featured_media":6934,"comment_status":"closed","ping_status":"closed","sticky":false,"template":"","format":"standard","meta":{"footnotes":""},"tags":[],"class_list":["post-6940","post","type-post","status-publish","format-standard","has-post-thumbnail","hentry"],"_links":{"self":[{"href":"https:\/\/consriodejaneiro.esteri.it\/br\/wp-json\/wp\/v2\/posts\/6940","targetHints":{"allow":["GET"]}}],"collection":[{"href":"https:\/\/consriodejaneiro.esteri.it\/br\/wp-json\/wp\/v2\/posts"}],"about":[{"href":"https:\/\/consriodejaneiro.esteri.it\/br\/wp-json\/wp\/v2\/types\/post"}],"author":[{"embeddable":true,"href":"https:\/\/consriodejaneiro.esteri.it\/br\/wp-json\/wp\/v2\/users\/6"}],"replies":[{"embeddable":true,"href":"https:\/\/consriodejaneiro.esteri.it\/br\/wp-json\/wp\/v2\/comments?post=6940"}],"version-history":[{"count":4,"href":"https:\/\/consriodejaneiro.esteri.it\/br\/wp-json\/wp\/v2\/posts\/6940\/revisions"}],"predecessor-version":[{"id":7027,"href":"https:\/\/consriodejaneiro.esteri.it\/br\/wp-json\/wp\/v2\/posts\/6940\/revisions\/7027"}],"wp:featuredmedia":[{"embeddable":true,"href":"https:\/\/consriodejaneiro.esteri.it\/br\/wp-json\/wp\/v2\/media\/6934"}],"wp:attachment":[{"href":"https:\/\/consriodejaneiro.esteri.it\/br\/wp-json\/wp\/v2\/media?parent=6940"}],"wp:term":[{"taxonomy":"post_tag","embeddable":true,"href":"https:\/\/consriodejaneiro.esteri.it\/br\/wp-json\/wp\/v2\/tags?post=6940"}],"curies":[{"name":"wp","href":"https:\/\/api.w.org\/{rel}","templated":true}]}}