{"id":7339,"date":"2026-09-02T20:02:42","date_gmt":"2026-09-02T18:02:42","guid":{"rendered":"https:\/\/consriodejaneiro.esteri.it\/news\/dal_consolato\/2026\/09\/premi-maeci-2026-riconoscimenti-per-leccellenza-scientifica-e-linnovazione-italiana-in-brasile-candidature-aperte-fino-al-20-settembre-2026\/"},"modified":"2026-09-02T20:03:42","modified_gmt":"2026-09-02T18:03:42","slug":"premi-maeci-2026-riconoscimenti-per-leccellenza-scientifica-e-linnovazione-italiana-in-brasile-candidature-aperte-fino-al-20-settembre-2026","status":"publish","type":"post","link":"https:\/\/consriodejaneiro.esteri.it\/br\/news\/dal_consolato\/2026\/09\/premi-maeci-2026-riconoscimenti-per-leccellenza-scientifica-e-linnovazione-italiana-in-brasile-candidature-aperte-fino-al-20-settembre-2026\/","title":{"rendered":"Pr\u00eamios MAECI 2026: Reconhecimentos para a Excel\u00eancia Cient\u00edfica e a Inova\u00e7\u00e3o Italiana no Brasil. Inscri\u00e7\u00f5es abertas at\u00e9 20 de setembro de 2026"},"content":{"rendered":"<p>O Minist\u00e9rio das Rela\u00e7\u00f5es Exteriores e Coopera\u00e7\u00e3o Internacional (MAECI) anuncia os seguintes pr\u00eamios internacionais:<\/p>\n<p><strong>Pr\u00eamio \u201cScience, She Says Award\u201d<\/strong> reconhece o trabalho de uma jovem cientista com menos de 40 anos que se destacou particularmente no pa\u00eds onde trabalha. O edital \u00e9 dirigido \u00e0s principais universidades e institui\u00e7\u00f5es de pesquisa brasileiras. O prazo est\u00e1 fixado em 20 de setembro de 2026 e as modalidades de participa\u00e7\u00e3o est\u00e3o dispon\u00edveis <a href=\"https:\/\/ambbrasilia.esteri.it\/wp-content\/uploads\/2026\/08\/3322618.-3_Avviso_Premio-Science-She-Says_2026_rev.docx\">AQUI<\/a>.<\/p>\n<p><strong>Pr\u00eamio Farnesina de Coopera\u00e7\u00e3o Cient\u00edfica Bilateral<\/strong>\u00a0reconhece o trabalho de um cidad\u00e3o italiano ate 40 anos (atualmente ativo no Brasil) por sua contribui\u00e7\u00e3o excepcional para o avan\u00e7o da coopera\u00e7\u00e3o cient\u00edfica bilateral em qualquer campo da ci\u00eancia e tecnologia. O pr\u00eamio ser\u00e1 atribu\u00eddo ao vencedor por ocasi\u00e3o da pr\u00f3xima edi\u00e7\u00e3o da Confer\u00eancia de Adidos Cient\u00edficos de 2026. O prazo est\u00e1 fixado em 20 de setembro de 2026 e as modalidades de participa\u00e7\u00e3o est\u00e3o dispon\u00edveis <a href=\"https:\/\/ambbrasilia.esteri.it\/wp-content\/uploads\/2026\/08\/Italian_Bilateral_Cooperation_Award_Call_for_Nominations_2024.docx\">AQUI<\/a>.<\/p>\n<p><strong>Pr\u00eamio \u201cInova\u00e7\u00e3o que Fala Italiano\u201d<\/strong> em colabora\u00e7\u00e3o com PNI Cube (Rede para a valoriza\u00e7\u00e3o empreendedora da pesquisa cient\u00edfica) \u00e9 um reconhecimento dado ao alto valor inovador das startups tecnol\u00f3gicas que operam no exterior e fundadas por cidad\u00e3os italianos. O convite para envio de inscri\u00e7\u00f5es \u00e9 destinado a membros fundadores de startups que atuam no Brasil. O pr\u00eamio ser\u00e1 atribu\u00eddo \u00e0 Startup vencedora por ocasi\u00e3o da pr\u00f3xima edi\u00e7\u00e3o da Confer\u00eancia de Adidos Cient\u00edficos de 2026. O prazo est\u00e1 fixado em 20 de setembro de 2026 e as modalidades de participa\u00e7\u00e3o est\u00e3o dispon\u00edveis <a href=\"https:\/\/ambbrasilia.esteri.it\/wp-content\/uploads\/2026\/08\/Linnovazione-che-parla-italiano.docx\">AQUI<\/a>.<\/p>\n","protected":false},"excerpt":{"rendered":"O Minist\u00e9rio das Rela\u00e7\u00f5es Exteriores e Coopera\u00e7\u00e3o Internacional (MAECI) anuncia os seguintes pr\u00eamios internacionais: Pr\u00eamio \u201cScience, She Says Award\u201d reconhece o trabalho de uma jovem cientista com menos de 40 anos que se destacou particularmente no pa\u00eds onde trabalha. O edital \u00e9 dirigido \u00e0s principais universidades e institui\u00e7\u00f5es de pesquisa brasileiras. O prazo est\u00e1 fixado [&hellip;]","protected":false},"author":7,"featured_media":7337,"comment_status":"closed","ping_status":"closed","sticky":false,"template":"","format":"standard","meta":{"footnotes":""},"tags":[],"class_list":["post-7339","post","type-post","status-publish","format-standard","has-post-thumbnail","hentry"],"_links":{"self":[{"href":"https:\/\/consriodejaneiro.esteri.it\/br\/wp-json\/wp\/v2\/posts\/7339","targetHints":{"allow":["GET"]}}],"collection":[{"href":"https:\/\/consriodejaneiro.esteri.it\/br\/wp-json\/wp\/v2\/posts"}],"about":[{"href":"https:\/\/consriodejaneiro.esteri.it\/br\/wp-json\/wp\/v2\/types\/post"}],"author":[{"embeddable":true,"href":"https:\/\/consriodejaneiro.esteri.it\/br\/wp-json\/wp\/v2\/users\/7"}],"replies":[{"embeddable":true,"href":"https:\/\/consriodejaneiro.esteri.it\/br\/wp-json\/wp\/v2\/comments?post=7339"}],"version-history":[{"count":2,"href":"https:\/\/consriodejaneiro.esteri.it\/br\/wp-json\/wp\/v2\/posts\/7339\/revisions"}],"predecessor-version":[{"id":7343,"href":"https:\/\/consriodejaneiro.esteri.it\/br\/wp-json\/wp\/v2\/posts\/7339\/revisions\/7343"}],"wp:featuredmedia":[{"embeddable":true,"href":"https:\/\/consriodejaneiro.esteri.it\/br\/wp-json\/wp\/v2\/media\/7337"}],"wp:attachment":[{"href":"https:\/\/consriodejaneiro.esteri.it\/br\/wp-json\/wp\/v2\/media?parent=7339"}],"wp:term":[{"taxonomy":"post_tag","embeddable":true,"href":"https:\/\/consriodejaneiro.esteri.it\/br\/wp-json\/wp\/v2\/tags?post=7339"}],"curies":[{"name":"wp","href":"https:\/\/api.w.org\/{rel}","templated":true}]}}