{"id":2330,"date":"2024-02-19T21:44:13","date_gmt":"2024-02-19T20:44:13","guid":{"rendered":"https:\/\/consriodejaneiro.esteri.it\/?p=2330"},"modified":"2024-02-26T19:11:57","modified_gmt":"2024-02-26T18:11:57","slug":"polo-cultural-e-inaugurado-na-celebracao-dos-150-anos-da-imigracao-italiana-no-brasil","status":"publish","type":"post","link":"https:\/\/consriodejaneiro.esteri.it\/it\/news\/dal_consolato\/2024\/02\/polo-cultural-e-inaugurado-na-celebracao-dos-150-anos-da-imigracao-italiana-no-brasil\/","title":{"rendered":"Polo culturale sar\u00e0 inaugurato come celebrazione dei &#8220;150 anni dell&#8217;Immigrazione Italiana in Brasile&#8221;"},"content":{"rendered":"<p style=\"text-align: justify;\">Il Consolato Generale d&#8217;Italia a Rio de Janeiro, l&#8217;Istituto Italiano di Cultura di Rio e lo IED (Istituto Europeo di Design) si uniscono per creare il &#8220;Polo Culturale ItalianoRio &#8211; arte, design e innovazione&#8221;, che aprir\u00e0 al pubblico il 22 febbraio, nella settimana in cui si celebra la Giornata Nazionale dell&#8217;Immigrato Italiano in Brasile. Completamente rinnovato, il nuovo polo culturale funzioner\u00e0 come una vetrina, amplificando il dialogo tra Italia e Brasile in molteplici ambiti. Situato nell&#8217;edificio Casa d&#8217;Italia, nel cuore del Centro di Rio (vicino a <em>Cinel\u00e2ndia<\/em> e all&#8217;aeroporto Santos Dumont), lo spazio con lounge e mezzanino copre quasi 500m\u00b2 ed \u00e8 progettato per ospitare mostre d&#8217;arte, moda e design, oltre a eventi di gastronomia, tecnologia e innovazione. Saranno offerti anche corsi, seminari, cicli di conferenze e altre attivit\u00e0. Con l&#8217;obiettivo di rafforzare e stabilire legami culturali e scientifici, sono previste <em>partnership <\/em>con altre istituzioni.<\/p>\n<p style=\"text-align: justify;\">La programmazione annuale delle mostre temporanee si apre con l&#8217;esposizione &#8220;1874-2024: 150 anni di amicizia e legami tra Italia e Brasile, insieme verso il futuro&#8221; che sar\u00e0 composta da un murales di 42 m\u00b2 dell&#8217;artista Bruno Big, raffigurante l&#8217;arrivo degli immigrati italiani e il loro rilevante contributo nella coltivazione del caff\u00e8. Oltre all\u2019affresco nello spazio saranno presentati video tematici sull\u2019influenza italiana nella formazione socio-culturale della societ\u00e0 carioca e brasiliana. Nel mezzanino, sar\u00e0 inaugurata l\u2019esposizione &#8220;Dell&#8217;Architettura &#8211; presenza italiana nel paesaggio carioca&#8221;, con circa 40 immagini di maestri dell&#8217;architettura catturate dal curatore e fotografo Aristides Corr\u00eaa Dutra.<\/p>\n<p style=\"text-align: justify;\">Nel lounge sar\u00e0 inoltre presentato al pubblico il nuovo logo ufficiale del 150\u00ba anniversario dell&#8217;Immigrazione Italiana in Brasile, selezionato attraverso un concorso tra gli studenti delle scuole italiane paritarie in Brasile, promosso dall&#8217;Ambasciata d&#8217;Italia. Il progetto vincitore \u00e8 stato quello di Joshua Azze Distel, 17 anni, studente del 4\u00ba anno del Liceo Scientifico della &#8220;Fondazione Torino&#8221;. Il logo rappresenta una nave, il mezzo di trasporto utilizzato da milioni di immigrati che, con coraggio e spirito avventuroso, intraprendevano lunghe traversate oceaniche verso il &#8220;Nuovo Mondo&#8221; in cerca di migliori condizioni di vita. In un gioco di incastri formati da linee minimaliste, il numero &#8220;150&#8221; \u00e8 inserito nel disegno della nave: lo &#8220;zero&#8221; rappresenta contemporaneamente il numero e un semicerchio, come un orizzonte, un cielo comune, composto dai colori delle bandiere dei due paesi, simboleggiando il legame storico e culturale tra loro.<\/p>\n<p style=\"text-align: justify;\">L&#8217;esposizione &#8220;Dell&#8217;Architettura &#8211; presenza italiana nel paesaggio carioca&#8221;, contempla nomi come Ricardo Buffa, Luigi Fossati, Raffaele Rebecchi, Antonio Virzi, Mario Vodret e Antonio Jannuzzi (solo per citarne alcuni), tutti professionisti dell&#8217;architettura italiana che hanno lasciato la loro impronta nella citt\u00e0 di Rio de Janeiro. Testimonianze di gioielli architettonici di epoche diverse, che ci arrivano attraverso le foto in bianco e nero realizzate dal fotografo, professore e artista visivo Aristides Corr\u00eaa Dutra, curatore di questa esposizione, organizzata dall&#8217;Istituto Italiano di Cultura di Rio, che potr\u00e0 essere visitata fino al 26 aprile. Tra le foto figurano: l&#8217;Edificio Lage (1924\u20131925) a Gl\u00f3ria; l&#8217;Edificio Seabra (1931) a Praia do Flamengo; l&#8217;Edificio Unidos (1937) nel Centro; l&#8217;Ospedale Nossa Senhora das Dores (1910\u20131914) a Cascadura; la Chiesa Matriz di S\u00e3o Geraldo (1931) a Olaria; la Torre dell&#8217;Antica S\u00e9 (1905\u20131913) nel Centro; la Vila Maurina (1915) a Botafogo; la casa Villino Silveira (1915) a Gl\u00f3ria.<\/p>\n<p style=\"text-align: justify;\"><strong>Aristides Corr\u00eaa Dutra<\/strong><\/p>\n<p style=\"text-align: justify;\">Fotografo, artista visivo, laureato in Comunicazione presso l&#8217;ECO\\UFRJ e professore presso l&#8217;Universidade Veiga de Almeida. Come fotografo e osservatore dell&#8217;architettura, ha realizzato nel 2016 mostre come &#8220;Conversa\u00e7\u00e3o&#8221; al Parque das Ru\u00ednas, &#8220;Da miseric\u00f3rdia \u00e0 justi\u00e7a&#8221; al Museu da Justi\u00e7a do Estado do Rio de Janeiro e &#8220;Logos&#8221; presso la Biblioteca di Manguinhos. \u00c8 autore del libro <em>Casa d\u2019Italia, una biografia.<\/em><\/p>\n<p style=\"text-align: justify;\"><strong>Servizio<\/strong><\/p>\n<p style=\"text-align: justify;\">&#8220;Polo Culturale ItalianoRio \u2013 arte, design e innovazione&#8221;.<\/p>\n<p style=\"text-align: justify;\">Apertura al pubblico: 22 febbraio 2024.<\/p>\n<p style=\"text-align: justify;\">Visita all&#8217;esposizione &#8220;Dell&#8217;Architettura &#8211; presenza italiana nel paesaggio carioca&#8221;: fino al 26 aprile 2024.<\/p>\n<p style=\"text-align: justify;\">Sponsor: Zona Sul, Ternium, TIM Brasil, Illy Caf\u00e9, ITA Airways e Ferrari Trento Orario di apertura: da luned\u00ec a venerd\u00ec, dalle 7:30 alle 16:30.<\/p>\n<p style=\"text-align: justify;\">Luogo: Casa d&#8217;Italia<\/p>\n<p style=\"text-align: justify;\">Indirizzo: Av. Pres. Ant\u00f4nio Carlos, 40 &#8211; Centro, Rio de Janeiro<\/p>\n<p style=\"text-align: justify;\">Classificazione: Tutte le et\u00e0<\/p>\n<p style=\"text-align: justify;\">Ingresso libero<\/p>\n<p style=\"text-align: justify;\">Contatto per la stampa: BriefCom Assessoria de Comunica\u00e7\u00e3o\/Bia Sampaio: (21) 98181- 8351\/<a href=\"mailto:biasampaio@briefcom.com.br\">biasampaio@briefcom.com.br<\/a>\/@briefcomcomunicacao<\/p>\n","protected":false},"excerpt":{"rendered":"Il Consolato Generale d&#8217;Italia a Rio de Janeiro, l&#8217;Istituto Italiano di Cultura di Rio e lo IED (Istituto Europeo di Design) si uniscono per creare il &#8220;Polo Culturale ItalianoRio &#8211; arte, design e innovazione&#8221;, che aprir\u00e0 al pubblico il 22 febbraio, nella settimana in cui si celebra la Giornata Nazionale dell&#8217;Immigrato Italiano in Brasile. Completamente [&hellip;]","protected":false},"author":6,"featured_media":2334,"comment_status":"closed","ping_status":"closed","sticky":false,"template":"","format":"standard","meta":{"footnotes":""},"tags":[],"class_list":["post-2330","post","type-post","status-publish","format-standard","has-post-thumbnail","hentry"],"_links":{"self":[{"href":"https:\/\/consriodejaneiro.esteri.it\/it\/wp-json\/wp\/v2\/posts\/2330","targetHints":{"allow":["GET"]}}],"collection":[{"href":"https:\/\/consriodejaneiro.esteri.it\/it\/wp-json\/wp\/v2\/posts"}],"about":[{"href":"https:\/\/consriodejaneiro.esteri.it\/it\/wp-json\/wp\/v2\/types\/post"}],"author":[{"embeddable":true,"href":"https:\/\/consriodejaneiro.esteri.it\/it\/wp-json\/wp\/v2\/users\/6"}],"replies":[{"embeddable":true,"href":"https:\/\/consriodejaneiro.esteri.it\/it\/wp-json\/wp\/v2\/comments?post=2330"}],"version-history":[{"count":3,"href":"https:\/\/consriodejaneiro.esteri.it\/it\/wp-json\/wp\/v2\/posts\/2330\/revisions"}],"predecessor-version":[{"id":2372,"href":"https:\/\/consriodejaneiro.esteri.it\/it\/wp-json\/wp\/v2\/posts\/2330\/revisions\/2372"}],"wp:featuredmedia":[{"embeddable":true,"href":"https:\/\/consriodejaneiro.esteri.it\/it\/wp-json\/wp\/v2\/media\/2334"}],"wp:attachment":[{"href":"https:\/\/consriodejaneiro.esteri.it\/it\/wp-json\/wp\/v2\/media?parent=2330"}],"wp:term":[{"taxonomy":"post_tag","embeddable":true,"href":"https:\/\/consriodejaneiro.esteri.it\/it\/wp-json\/wp\/v2\/tags?post=2330"}],"curies":[{"name":"wp","href":"https:\/\/api.w.org\/{rel}","templated":true}]}}