{"id":2573,"date":"2024-04-15T21:13:30","date_gmt":"2024-04-15T19:13:30","guid":{"rendered":"https:\/\/consriodejaneiro.esteri.it\/?p=2573"},"modified":"2024-04-15T21:18:26","modified_gmt":"2024-04-15T19:18:26","slug":"made-in-italy-polo-cultural-italianorio-transforma-espaco-em-vitrine-da-inovacao-italiana-no-esporte-e-design","status":"publish","type":"post","link":"https:\/\/consriodejaneiro.esteri.it\/it\/news\/dal_consolato\/2024\/04\/made-in-italy-polo-cultural-italianorio-transforma-espaco-em-vitrine-da-inovacao-italiana-no-esporte-e-design\/","title":{"rendered":"Made In Italy: Polo Cultural ItaliaNoRio transforma espa\u00e7o em vitrine da inova\u00e7\u00e3o italiana no esporte e design"},"content":{"rendered":"<p style=\"text-align: justify;\"><em>Iniciativa promove a valoriza\u00e7\u00e3o do Made In Italy em data dedicada \u00e0 excel\u00eancia da cadeia produtiva italiana. Projeto ainda ter\u00e1 quadra de Beach Tennis aberta ao p\u00fablico.<\/em><\/p>\n<p style=\"text-align: justify;\">Na primeira edi\u00e7\u00e3o do <strong>Dia Nacional do Made in Italy (Giornata Nazionale del Made in Italy)<\/strong>, comemorado em 15 de abril, data do anivers\u00e1rio do g\u00eanio Leonardo da Vinci, a It\u00e1lia celebra o melhor da produ\u00e7\u00e3o italiana. No Rio de Janeiro, em refer\u00eancia \u00e0 data, o Polo Cultural ItaliaNoRio inaugura a exposi\u00e7\u00e3o <strong>\u201cMade in Italy: Esporte, Design e Inova\u00e7\u00e3o\u201d<\/strong> em evento para convidados e imprensa, na Casa d\u2019Italia, sede do Consulado Geral da It\u00e1lia no Rio de Janeiro. O projeto \u00e9 fruto da parceria entre o <strong>Consulado Geral da It\u00e1lia no Rio<\/strong> <strong>de Janeiro<\/strong>, a <strong>ITA &#8211; Italian Trade Agency para o Brasil,<\/strong> o <strong>Instituto Italiano de Cultura (IIC) do Rio<\/strong> <strong>de Janeiro<\/strong> e <strong>o Istituto Europeo di Design (IED) \u2013 Brasil.<\/strong><\/p>\n<p style=\"text-align: justify;\">A exposi\u00e7\u00e3o abre ao p\u00fablico a partir de 16 de abril, com entrada gratuita, de segunda-feira a sexta-feira, das 7h30 \u00e0s 16h30, e aos s\u00e1bados, das 9h \u00e0s 13h, e permanece em cartaz at\u00e9 15 de junho.<\/p>\n<p style=\"text-align: justify;\">Dedicada \u00e0 qualidade do design italiano aplicado no esporte e bem-estar, a exposi\u00e7\u00e3o une equipamentos esportivos tanto para profissionais quanto para amadores, al\u00e9m de criar uma experi\u00eancia imersiva ao p\u00fablico. Durante o percurso expositivo, os visitantes poder\u00e3o utilizar os equipamentos expostos e, assim, entrar em contato com a qualidade de um design Italiano em cenas do cotidiano, desde um objeto at\u00e9 uma pr\u00e1tica.<\/p>\n<p style=\"text-align: justify;\">Entre as obras, pe\u00e7as assinadas pelo famoso arquiteto e designer italiano, Antonio Citterio, para a <strong>Technogym<\/strong>, empresa italiana l\u00edder no setor de equipamentos esportivos. Tamb\u00e9m comp\u00f5em a exposi\u00e7\u00e3o cria\u00e7\u00f5es das empresas <strong>Luxottica<\/strong>, <strong>Pinarello <\/strong>e <strong>Kask<\/strong>, refer\u00eancias do design e qualidade da produ\u00e7\u00e3o italiana pelo mundo.<\/p>\n<p style=\"text-align: justify;\"><strong>Iniciativa celebra a qualidade da cadeia produtiva Italiana<br \/>\n<\/strong>Institu\u00edda pelo Governo Italiano para celebrar os produtos e servi\u00e7os que representam a criatividade, excel\u00eancia, valor e qualidade da produ\u00e7\u00e3o Made in Italy, a <strong>Giornata Nazionale del Made In Italy<\/strong> ser\u00e1 comemorada no Rio de Janeiro com uma s\u00e9rie de atividades dedicadas a empresas que atuam no setor de equipamentos, pr\u00e1ticas e vestu\u00e1rio esportivo.<\/p>\n<p style=\"text-align: justify;\">A data escolhida para a celebra\u00e7\u00e3o faz refer\u00eancia ao nascimento de Leonardo Da Vinci, uma das figuras mais importantes do Alto Renascimento e que se destacou como cientista, matem\u00e1tico, engenheiro, inventor, anatomista, pintor, escultor, arquiteto, bot\u00e2nico, poeta e m\u00fasico. Sua contribui\u00e7\u00e3o para o mundo se manifesta at\u00e9 os dias de hoje e sintetiza a capacidade italiana de unir o \u00fatil ao belo. Para simbolizar a refer\u00eancia, o Homem Vitruviano, uma das principais obras do homenageado, representa o logotipo da celebra\u00e7\u00e3o.<\/p>\n<p style=\"text-align: justify;\">A exposi\u00e7\u00e3o ficar\u00e1 no rec\u00e9m-inaugurado <strong>Polo Cultural ItaliaNoRio<\/strong>, espa\u00e7o multifuncional localizado no t\u00e9rreo da Casa d\u2019Italia, na sede do Consulado Geral da It\u00e1lia do Rio de Janeiro. O local possui infraestrutura audiovisual e foi projetado para receber exposi\u00e7\u00f5es, workshops e palestras (site: <a href=\"https:\/\/italianorio.com.br\">https:\/\/italianorio.com.br<\/a>).<\/p>\n<p style=\"text-align: justify;\"><strong>Pra\u00e7a It\u00e1lia hospedar\u00e1 uma quadra de Beach Tennis<br \/>\n<\/strong>O projeto \u201c<strong>Praia It\u00e1lia<\/strong>\u201d completa a programa\u00e7\u00e3o. O espa\u00e7o ser\u00e1 montado na Pra\u00e7a It\u00e1lia, adjacente ao Consulado, e estar\u00e1 aberto ao p\u00fablico de 16 de abril a 15 de maio. Nela, haver\u00e1 uma quadra e aulas de Beach Tennis, esporte que \u00e9 amado tanto por brasileiros quanto pelos italianos.<\/p>\n<p style=\"text-align: justify;\"><strong>Gian Luca Padovan<\/strong>, campe\u00e3o italiano e precursor do beach tennis no Brasil, contribuiu, em 2008, para a cria\u00e7\u00e3o do ponto Ipanema 500, reunindo os melhores jogadores brasileiros da modalidade. Por ocasi\u00e3o do evento \u201cMade in Italy: Esporte, Design e Inova\u00e7\u00e3o\u201d, o atleta se apresentar\u00e1 em atividades demonstrativas abertas ao p\u00fablico.<\/p>\n<p style=\"text-align: justify;\">Criado nos anos 80 no litoral de Marina di Ravenna, o beach tennis se consolidou como patrim\u00f4nio cultural italiano. Atualmente, \u00e9 um esporte praticado em todo o mundo, inclusive no Brasil, onde os n\u00fameros impressionam: entre 2021 e 2023, o n\u00famero de praticantes passou de cerca de 400 mil a mais de 1,1 milh\u00e3o de pessoas, o que representa um crescimento de 175%. Com base nesses n\u00fameros recordes, calcula-se que o Brasil concentre cerca de 60% dos praticantes e 65% dos torneios internacionais da modalidade esportiva em todo o mundo.<\/p>\n<p style=\"text-align: justify;\">A \u201cPraia It\u00e1lia\u201d tamb\u00e9m contar\u00e1 com o prot\u00f3tipo de uma barraca de praia, desenvolvido pelo <strong>Istituto Europeo di Design (IED),<\/strong> para transformar a orla carioca, criando um espa\u00e7o agrad\u00e1vel, organizado e em harmonia com o ambiente.<\/p>\n<p style=\"text-align: justify;\"><strong>Giro d\u2019Italia 2024 e Pedalata Azzurra<br \/>\n<\/strong>Entre os dias 4 e 26 de maio, os visitantes poder\u00e3o acompanhar ao vivo as etapas do Giro d\u2019Italia, tamb\u00e9m conhecida como \u201cLa pi\u00f9 bella (a mais bela)\u201d, \u00e9 uma das maiores provas cicl\u00edsticas do mundo e ser\u00e1 transmitida no painel de LED presente no Polo Cultural ItaliaNoRio. No dia da largada (04\/05), o Consulado Geral e o Comit\u00ea Ol\u00edmpico Nacional Italiano no Brasil (CONI), representado pelo delegado Alfredo Apicella, organizar\u00e3o a pedalada \u201cPedalata Azzurra (Pedal Azul)\u201d pelas ruas do Rio de Janeiro.<\/p>\n<p style=\"text-align: justify;\"><strong>Qualidade Made In Italy<br \/>\n<\/strong>Com o objetivo de agregar valor ao projeto, o Consulado Geral da It\u00e1lia no Rio de Janeiro convidou empresas que representam a qualidade da cadeia produtiva italiana para participarem da homenagem: al\u00e9m da Technogym, o grupo Luxottica, e as marcas Pinarello, Kask e MBT.<\/p>\n<p style=\"text-align: justify;\">Fundado em 1961 por Leonardo Del Vecchio, o <strong>Grupo Luxottica<\/strong> \u00e9 uma organiza\u00e7\u00e3o integrada verticalmente e especializada na produ\u00e7\u00e3o e venda de \u00f3culos, ocupando a lideran\u00e7a mundial neste setor.<\/p>\n<p style=\"text-align: justify;\">A <strong>Pinarello <\/strong>nasceu em 1951 da paix\u00e3o de seu fundador pelo ciclismo, Giovanni Pinarello, esportista que criou uma das marcas de bicicletas mais desejadas em todo o mundo, famosas pela leveza e aerodin\u00e2mica.<\/p>\n<p style=\"text-align: justify;\">Desde 2004, a <strong>Kask <\/strong>desenvolve e cria produtos capazes de combinar excel\u00eancia e seguran\u00e7a com um design inovador e inconfund\u00edvel, comprometida com a pesquisa tecnol\u00f3gica para aprimorar ainda mais a qualidade de seus capacetes e elevar os padr\u00f5es de produ\u00e7\u00e3o.<\/p>\n<p style=\"text-align: justify;\">H\u00e1 21 anos, a <strong>Max Beach Tennis &#8211; MBT, <\/strong>empresa fundada pelo italiano Max Bezzi, combina a tradi\u00e7\u00e3o dos esportes de areia com a modernidade das novas tecnologias. Pioneira, a empresa foi respons\u00e1vel por criar a primeira raquete de Beach Tennis, esporte que nasceu nas areias da It\u00e1lia e que, cada vez mais, ganha espa\u00e7o na vida dos brasileiros. Inclusive, as raquetes utilizadas na Praia It\u00e1lia s\u00e3o cria\u00e7\u00f5es da marca.<\/p>\n<p style=\"text-align: justify;\"><strong><u>Servi\u00e7o:<br \/>\n<\/u>Inaugura\u00e7\u00e3o para convidados: <\/strong>15 de abril de 2024, \u00e0s 17h<br \/>\n<strong>Visita ao showroom do Made in Italy:<\/strong> de 16 de abril a 15 de junho<br \/>\n<strong>Visita \u00e0 Praia It\u00e1lia: <\/strong>de 16 de abril a 15 de maio<br \/>\n<strong>Visita \u00e0 exposi\u00e7\u00e3o \u201cDell\u2019Architettura &#8211; Presen\u00e7a italiana na paisagem carioca\u201d: <\/strong>at\u00e9 15 de junho<br \/>\n<strong>Hor\u00e1rio de visita\u00e7\u00e3o:<\/strong> de segunda a sexta-feira, das 7h30 \u00e0s 16h30 e s\u00e1bado das 9h \u00e0s 13h<br \/>\n<strong>Local: <\/strong>Casa d\u2019Italia \/ Pra\u00e7a It\u00e1lia<br \/>\n<strong>Endere\u00e7o: <\/strong>Av. Pres. Ant\u00f4nio Carlos, 40 &#8211; Centro, Rio de Janeiro (RJ)<br \/>\nClassifica\u00e7\u00e3o: Livre<br \/>\nEntrada franca<\/p>\n<p style=\"text-align: justify;\"><strong><u>Realiza\u00e7\u00e3o:<br \/>\n<\/u><\/strong>Consulado Geral da It\u00e1lia no Rio de Janeiro<br \/>\nITA &#8211; Italian Trade Agency para o Brasil<br \/>\nInstituto Italiano de Cultura (IIC) Rio de Janeiro<br \/>\nIstituto Europeo de Design (IED) &#8211; Brasil<\/p>\n<p style=\"text-align: justify;\"><strong><u>Parceiros t\u00e9cnicos:<br \/>\n<\/u><\/strong>Technogym, Pinarello, Luxottica, Kask, MBT, Zona Sul<\/p>\n<p style=\"text-align: justify;\"><strong><u>Parceiro Institucionais:<br \/>\n<\/u><\/strong>Comit\u00ea Ol\u00edmpico Nacional Italiano, Minist\u00e9rio das Empresas e do Made in Italy<\/p>\n<p style=\"text-align: justify;\"><strong><u>Informa\u00e7\u00f5es \u00e0 imprensa:<br \/>\n<\/u><\/strong>Ag\u00eancia Ecomunica I <a href=\"mailto:madeinitalay@agenciaecomunica.com.br\">madeinitaly@agenciaecomunica.com.br<\/a><br \/>\nAline Morais | <a href=\"mailto:alinemorais@agenciaecomunica.com.br\">alinemorais@agenciaecomunica.com.br<\/a><br \/>\n+55 (21) 99584-8915<\/p>\n","protected":false},"excerpt":{"rendered":"Iniciativa promove a valoriza\u00e7\u00e3o do Made In Italy em data dedicada \u00e0 excel\u00eancia da cadeia produtiva italiana. Projeto ainda ter\u00e1 quadra de Beach Tennis aberta ao p\u00fablico. Na primeira edi\u00e7\u00e3o do Dia Nacional do Made in Italy (Giornata Nazionale del Made in Italy), comemorado em 15 de abril, data do anivers\u00e1rio do g\u00eanio Leonardo da [&hellip;]","protected":false},"author":6,"featured_media":2525,"comment_status":"closed","ping_status":"closed","sticky":false,"template":"","format":"standard","meta":{"footnotes":""},"tags":[],"class_list":["post-2573","post","type-post","status-publish","format-standard","has-post-thumbnail","hentry"],"_links":{"self":[{"href":"https:\/\/consriodejaneiro.esteri.it\/it\/wp-json\/wp\/v2\/posts\/2573","targetHints":{"allow":["GET"]}}],"collection":[{"href":"https:\/\/consriodejaneiro.esteri.it\/it\/wp-json\/wp\/v2\/posts"}],"about":[{"href":"https:\/\/consriodejaneiro.esteri.it\/it\/wp-json\/wp\/v2\/types\/post"}],"author":[{"embeddable":true,"href":"https:\/\/consriodejaneiro.esteri.it\/it\/wp-json\/wp\/v2\/users\/6"}],"replies":[{"embeddable":true,"href":"https:\/\/consriodejaneiro.esteri.it\/it\/wp-json\/wp\/v2\/comments?post=2573"}],"version-history":[{"count":4,"href":"https:\/\/consriodejaneiro.esteri.it\/it\/wp-json\/wp\/v2\/posts\/2573\/revisions"}],"predecessor-version":[{"id":2586,"href":"https:\/\/consriodejaneiro.esteri.it\/it\/wp-json\/wp\/v2\/posts\/2573\/revisions\/2586"}],"wp:featuredmedia":[{"embeddable":true,"href":"https:\/\/consriodejaneiro.esteri.it\/it\/wp-json\/wp\/v2\/media\/2525"}],"wp:attachment":[{"href":"https:\/\/consriodejaneiro.esteri.it\/it\/wp-json\/wp\/v2\/media?parent=2573"}],"wp:term":[{"taxonomy":"post_tag","embeddable":true,"href":"https:\/\/consriodejaneiro.esteri.it\/it\/wp-json\/wp\/v2\/tags?post=2573"}],"curies":[{"name":"wp","href":"https:\/\/api.w.org\/{rel}","templated":true}]}}