{"id":2667,"date":"2024-05-21T17:34:42","date_gmt":"2024-05-21T15:34:42","guid":{"rendered":"https:\/\/consriodejaneiro.esteri.it\/?p=2667"},"modified":"2024-05-21T17:36:12","modified_gmt":"2024-05-21T15:36:12","slug":"corso-di-formazione-manageriale-origini-italia","status":"publish","type":"post","link":"https:\/\/consriodejaneiro.esteri.it\/it\/news\/dal_consolato\/2024\/05\/corso-di-formazione-manageriale-origini-italia\/","title":{"rendered":"CORSO DI FORMAZIONE MANAGERIALE &#8211; ORIGINI ITALIA"},"content":{"rendered":"<p style=\"text-align: justify;\">A\u00a0<strong>MIB School of Management de Trieste<\/strong>\u00a0est\u00e1 organizando para o ano de 2024\/2025, em colabora\u00e7\u00e3o com o ICE, o curso de treinamento em gest\u00e3o Origini Italia para jovens descendentes de emigrantes italianos que vivem no exterior.<\/p>\n<p style=\"text-align: justify;\">A inscri\u00e7\u00e3o no curso \u00e9 gratuita e os organizadores garantem aos participantes a cobertura dos custos de viagem, acomoda\u00e7\u00e3o e alimenta\u00e7\u00e3o durante todo o per\u00edodo do curso, que dura cinco meses (de 4 de novembro de 2024 a 5 de abril de 2025).<\/p>\n<p style=\"text-align: justify;\">O curso, que pode acomodar at\u00e9 20 alunos, \u00e9 reservado para estudantes com idade entre 23 e 35 anos.<\/p>\n<p style=\"text-align: justify;\">O idioma veicular dos cursos \u00e9 o ingl\u00eas, mas os alunos s\u00e3o incentivados a estudar italiano.<\/p>\n<p style=\"text-align: justify;\">Informa\u00e7\u00f5es mais detalhadas sobre o conte\u00fado do programa e os requisitos de admiss\u00e3o \u2013 juntamente com os formul\u00e1rios de inscri\u00e7\u00e3o on-line \u2013 podem ser encontradas no site:\u00a0<a href=\"http:\/\/www.mib.edu\/origini\/application\"><strong>http:\/\/www.mib.edu\/origini\/application<\/strong><\/a><\/p>\n<p>O prazo final para as inscri\u00e7\u00f5es \u00e9\u00a0<strong>31 de maio<\/strong>.<\/p>\n","protected":false},"excerpt":{"rendered":"A\u00a0MIB School of Management de Trieste\u00a0est\u00e1 organizando para o ano de 2024\/2025, em colabora\u00e7\u00e3o com o ICE, o curso de treinamento em gest\u00e3o Origini Italia para jovens descendentes de emigrantes italianos que vivem no exterior. A inscri\u00e7\u00e3o no curso \u00e9 gratuita e os organizadores garantem aos participantes a cobertura dos custos de viagem, acomoda\u00e7\u00e3o e [&hellip;]","protected":false},"author":6,"featured_media":2670,"comment_status":"closed","ping_status":"closed","sticky":false,"template":"","format":"standard","meta":{"footnotes":""},"tags":[],"class_list":["post-2667","post","type-post","status-publish","format-standard","has-post-thumbnail","hentry"],"_links":{"self":[{"href":"https:\/\/consriodejaneiro.esteri.it\/it\/wp-json\/wp\/v2\/posts\/2667","targetHints":{"allow":["GET"]}}],"collection":[{"href":"https:\/\/consriodejaneiro.esteri.it\/it\/wp-json\/wp\/v2\/posts"}],"about":[{"href":"https:\/\/consriodejaneiro.esteri.it\/it\/wp-json\/wp\/v2\/types\/post"}],"author":[{"embeddable":true,"href":"https:\/\/consriodejaneiro.esteri.it\/it\/wp-json\/wp\/v2\/users\/6"}],"replies":[{"embeddable":true,"href":"https:\/\/consriodejaneiro.esteri.it\/it\/wp-json\/wp\/v2\/comments?post=2667"}],"version-history":[{"count":2,"href":"https:\/\/consriodejaneiro.esteri.it\/it\/wp-json\/wp\/v2\/posts\/2667\/revisions"}],"predecessor-version":[{"id":2671,"href":"https:\/\/consriodejaneiro.esteri.it\/it\/wp-json\/wp\/v2\/posts\/2667\/revisions\/2671"}],"wp:featuredmedia":[{"embeddable":true,"href":"https:\/\/consriodejaneiro.esteri.it\/it\/wp-json\/wp\/v2\/media\/2670"}],"wp:attachment":[{"href":"https:\/\/consriodejaneiro.esteri.it\/it\/wp-json\/wp\/v2\/media?parent=2667"}],"wp:term":[{"taxonomy":"post_tag","embeddable":true,"href":"https:\/\/consriodejaneiro.esteri.it\/it\/wp-json\/wp\/v2\/tags?post=2667"}],"curies":[{"name":"wp","href":"https:\/\/api.w.org\/{rel}","templated":true}]}}