{"id":2681,"date":"2024-05-24T20:54:40","date_gmt":"2024-05-24T18:54:40","guid":{"rendered":"https:\/\/consriodejaneiro.esteri.it\/?p=2681"},"modified":"2024-05-24T20:54:40","modified_gmt":"2024-05-24T18:54:40","slug":"polo-cultural-italianorio-realiza-noites-de-jazz-com-aperitivos-e-drinks-italianos","status":"publish","type":"post","link":"https:\/\/consriodejaneiro.esteri.it\/it\/news\/dal_consolato\/2024\/05\/polo-cultural-italianorio-realiza-noites-de-jazz-com-aperitivos-e-drinks-italianos\/","title":{"rendered":"Polo Cultural ItaliaNoRio realiza noites de jazz com  aperitivos e drinks italianos"},"content":{"rendered":"<p style=\"text-align: justify;\">Como parte das celebra\u00e7\u00f5es ao <strong>Dia Nacional do Made in Italy (Giornata Nazionale del Made in Italy)<\/strong>, comemorado em 15 de abril, o Polo Cultural ItaliaNoRio realiza o<strong> \u2018Aperitivo Cultural\u2019<\/strong>, evento que leva shows de jazz e degusta\u00e7\u00e3o de aperitivos t\u00edpicos do pa\u00eds para a Casa d\u2019It\u00e1lia, sede do Consulado Geral da It\u00e1lia no Rio de Janeiro.<\/p>\n<p style=\"text-align: justify;\">O happy hour acontece quinzenalmente, \u00e0s quarta-feiras, a partir das 18h. Os ingressos s\u00e3o gratuitos e disponibilizados pela plataforma do Sympla atrav\u00e9s do link\u00a0 <a href=\"https:\/\/www.sympla.com.br\/evento\/aperitivo-cultural-jazz\/2471845\">APERITIVO CULTURAL &#8211; JAZZ em Rio de Janeiro &#8211; Sympla<\/a>. O evento est\u00e1 sujeito a lota\u00e7\u00e3o.<\/p>\n<p style=\"text-align: justify;\"><strong>Na pr\u00f3xima quarta-feira (29\/05), o grupo Juliane Gamboa e Trio \u00e9 a atra\u00e7\u00e3o da casa<\/strong>. A cantora e compositora traz um repert\u00f3rio com suas diferentes refer\u00eancias musicais, que passam pelo samba, MPB e jazz. O evento tamb\u00e9m ter\u00e1 o som do DJ Davide Ruud durante a abertura e encerramento.<\/p>\n<p style=\"text-align: justify;\">A proposta desta a\u00e7\u00e3o \u00e9 tornar o espa\u00e7o como um ponto de encontro para aqueles que trabalham pela regi\u00e3o e querem um lugar de cultura, entretenimento e imers\u00e3o no universo italiano. Na ocasi\u00e3o, s\u00e3o oferecidos aperitivos t\u00edpicos da It\u00e1lia pela rede de supermercados\u00a0 Zona Sul, parceira do projeto, e h\u00e1 venda de bebidas alco\u00f3licas, como drinks e vinho.<\/p>\n<p style=\"text-align: justify;\">Nas pr\u00f3ximas edi\u00e7\u00f5es, o calend\u00e1rio segue com os shows de Marta Micheli e Trio (12\/06), Marlon Yuri e Trio (26\/06) e Abel Luiz e Trio (10\/07).<\/p>\n<p style=\"text-align: justify;\"><strong>Exposi\u00e7\u00e3o e Praia It\u00e1lia continuam at\u00e9 15 de junho<\/strong><\/p>\n<p style=\"text-align: justify;\">A exposi\u00e7\u00e3o <strong>\u201cMade in Italy: Esporte, Design e Inova\u00e7\u00e3o\u201d<\/strong>, mostra pioneira do projeto e\u00a0 dedicada \u00e0 qualidade do design italiano aplicado no esporte e bem-estar, une equipamentos esportivos tanto para profissionais quanto para amadores, al\u00e9m de criar uma experi\u00eancia imersiva ao p\u00fablico.<\/p>\n<p style=\"text-align: justify;\">O projeto \u201c<strong>Praia It\u00e1lia<\/strong>\u201d completa a programa\u00e7\u00e3o. O espa\u00e7o est\u00e1 montado na Pra\u00e7a It\u00e1lia, adjacente ao Consulado, e \u00e9 aberto ao p\u00fablico com uma mini-quadra de Beach Tennis, esporte que \u00e9 amado tanto por brasileiros quanto pelos italianos.<\/p>\n<p style=\"text-align: justify;\"><strong><br \/>\n<u>Servi\u00e7o:<br \/>\n<\/u>Aperitivo Cultural &#8211; show Juliane Gamboa e Trio: <\/strong>quarta-feira (29\/05), das 18h \u00e0s 21h30. Gr\u00e1tis. Livre.<\/p>\n<p style=\"text-align: justify;\"><strong><u><\/u>Exposi\u00e7\u00e3o Made in Italy e Praia It\u00e1lia: <\/strong>de segunda a sexta-feira, das 7h30 \u00e0s 16h30; s\u00e1bado das 9h \u00e0s 13h. Gr\u00e1tis. Livre.<\/p>\n<p><strong>Local: <\/strong>Casa d\u2019Italia \/ Pra\u00e7a It\u00e1lia. Av. Pres. Ant\u00f4nio Carlos, 40 &#8211; Centro, Rio de Janeiro (RJ)<\/p>\n","protected":false},"excerpt":{"rendered":"Como parte das celebra\u00e7\u00f5es ao Dia Nacional do Made in Italy (Giornata Nazionale del Made in Italy), comemorado em 15 de abril, o Polo Cultural ItaliaNoRio realiza o \u2018Aperitivo Cultural\u2019, evento que leva shows de jazz e degusta\u00e7\u00e3o de aperitivos t\u00edpicos do pa\u00eds para a Casa d\u2019It\u00e1lia, sede do Consulado Geral da It\u00e1lia no Rio [&hellip;]","protected":false},"author":6,"featured_media":2683,"comment_status":"closed","ping_status":"closed","sticky":false,"template":"","format":"standard","meta":{"footnotes":""},"tags":[],"class_list":["post-2681","post","type-post","status-publish","format-standard","has-post-thumbnail","hentry"],"_links":{"self":[{"href":"https:\/\/consriodejaneiro.esteri.it\/it\/wp-json\/wp\/v2\/posts\/2681","targetHints":{"allow":["GET"]}}],"collection":[{"href":"https:\/\/consriodejaneiro.esteri.it\/it\/wp-json\/wp\/v2\/posts"}],"about":[{"href":"https:\/\/consriodejaneiro.esteri.it\/it\/wp-json\/wp\/v2\/types\/post"}],"author":[{"embeddable":true,"href":"https:\/\/consriodejaneiro.esteri.it\/it\/wp-json\/wp\/v2\/users\/6"}],"replies":[{"embeddable":true,"href":"https:\/\/consriodejaneiro.esteri.it\/it\/wp-json\/wp\/v2\/comments?post=2681"}],"version-history":[{"count":1,"href":"https:\/\/consriodejaneiro.esteri.it\/it\/wp-json\/wp\/v2\/posts\/2681\/revisions"}],"predecessor-version":[{"id":2684,"href":"https:\/\/consriodejaneiro.esteri.it\/it\/wp-json\/wp\/v2\/posts\/2681\/revisions\/2684"}],"wp:featuredmedia":[{"embeddable":true,"href":"https:\/\/consriodejaneiro.esteri.it\/it\/wp-json\/wp\/v2\/media\/2683"}],"wp:attachment":[{"href":"https:\/\/consriodejaneiro.esteri.it\/it\/wp-json\/wp\/v2\/media?parent=2681"}],"wp:term":[{"taxonomy":"post_tag","embeddable":true,"href":"https:\/\/consriodejaneiro.esteri.it\/it\/wp-json\/wp\/v2\/tags?post=2681"}],"curies":[{"name":"wp","href":"https:\/\/api.w.org\/{rel}","templated":true}]}}