{"id":2688,"date":"2024-07-30T21:34:22","date_gmt":"2024-07-30T19:34:22","guid":{"rendered":"https:\/\/consriodejaneiro.esteri.it\/?p=2688"},"modified":"2024-07-31T20:48:51","modified_gmt":"2024-07-31T18:48:51","slug":"aperitivo-cultural-jazz-marta-micheli-e-trio-caffe-espresso","status":"publish","type":"post","link":"https:\/\/consriodejaneiro.esteri.it\/it\/news\/dal_consolato\/2024\/07\/aperitivo-cultural-jazz-marta-micheli-e-trio-caffe-espresso\/","title":{"rendered":"Aperitivo Cultural Musica Italiana &#8211; Quarteto Caff\u00e9 Espresso"},"content":{"rendered":"<p>O Polo Cultural ItaliaNoRio convida a todos para mais uma edi\u00e7\u00e3o do \u2018<strong>Aperitivo Cultural<\/strong>\u2019, evento que combina shows de jazz com a degusta\u00e7\u00e3o de aperitivos t\u00edpicos da It\u00e1lia. A noite acontecer\u00e1 na Casa d\u2019Italia, na pr\u00f3xima quarta-feira, dia 7 de agosto.<\/p>\n<p>*Detalhes do Evento:*<br \/>\n\u2013 *Data:* Quarta-feira, 8 de Agosto<br \/>\n\u2013 *Hor\u00e1rio:* Das 18h \u00e0s 21h30<br \/>\n\u2013 *Local:* Casa d\u2019Italia, Pra\u00e7a It\u00e1lia, Av. Pres. Ant\u00f4nio Carlos, 40 \u2013 Centro, Rio de Janeiro (RJ)<br \/>\n\u2013 *Entrada:* R$ 30,00 (inclui uma consuma\u00e7\u00e3o, show ao vivo e degusta\u00e7\u00e3o de comidinhas italianas)<\/p>\n<p>Os ingressos antecipados podem ser adquiridos atrav\u00e9s do link: <a href=\"https:\/\/ingressos.meep.com.br\/aperitivo-cultural---musica-italiana\">https:\/\/ingressos.meep.com.br\/aperitivo-cultural&#8212;musica-italiana<\/a> .<\/p>\n<p>O espa\u00e7o est\u00e1 sujeito a lota\u00e7\u00e3o, ent\u00e3o garanta seu ingresso com anteced\u00eancia.<\/p>\n<p>*Atra\u00e7\u00f5es:*<\/p>\n<p>\u2013 Show ao vivo de MUSICA ITALIANA com o quarteto <strong>Caff\u00e8 Espresso:<\/strong>\u00a0<strong>Marta Micheli, Fabrizio Filesi, Maurizio Belli e Michele Panella<\/strong><br \/>\n\u2013 *DJ Italiano:* <strong>Davide Ruud<\/strong>, que tocar\u00e1 durante a abertura e encerramento do evento.<\/p>\n<p>*Gastronomia e Bebidas:* A proposta do evento \u00e9 transformar o espa\u00e7o em um ponto de encontro cultural, oferecendo aperitivos t\u00edpicos da It\u00e1lia, fornecidos pela rede de S<em>upermercados Zona Sul,<\/em>\u00a0parceira do projeto.<\/p>\n<p>Bebidas italianas estar\u00e3o \u00e0 venda, incluindo:<br \/>\n\u2013 *Spritz e Negroni da\u00a0<em>Campari<\/em>\u00a0:* R$ 30,00<br \/>\n\u2013 *Vinhos italianos:* R$ 30,00<br \/>\n\u2013 *Cervejas\u00a0<em>NOI<\/em>\u00a0:* R$ 10,00<br \/>\n\u2013 *Refrigerantes e suco:* R$ 10,00<\/p>\n<p><strong>Polo Cultural Italianorio:<\/strong><\/p>\n<p>Abertura\u00a0 de segunda a sexta-feira, das 7h30 \u00e0s 16h30.<\/p>\n<p>Local: Casa d\u2019Italia Av. Pres. Ant\u00f4nio Carlos, 40 \u2013 terreo Centro, Rio de Janeiro (RJ)<\/p>\n<p>Entrada gratuita<\/p>\n","protected":false},"excerpt":{"rendered":"O Polo Cultural ItaliaNoRio convida a todos para mais uma edi\u00e7\u00e3o do \u2018Aperitivo Cultural\u2019, evento que combina shows de jazz com a degusta\u00e7\u00e3o de aperitivos t\u00edpicos da It\u00e1lia. A noite acontecer\u00e1 na Casa d\u2019Italia, na pr\u00f3xima quarta-feira, dia 7 de agosto. *Detalhes do Evento:* \u2013 *Data:* Quarta-feira, 8 de Agosto \u2013 *Hor\u00e1rio:* Das 18h \u00e0s [&hellip;]","protected":false},"author":6,"featured_media":3162,"comment_status":"closed","ping_status":"closed","sticky":false,"template":"","format":"standard","meta":{"footnotes":""},"tags":[],"class_list":["post-2688","post","type-post","status-publish","format-standard","has-post-thumbnail","hentry"],"_links":{"self":[{"href":"https:\/\/consriodejaneiro.esteri.it\/it\/wp-json\/wp\/v2\/posts\/2688","targetHints":{"allow":["GET"]}}],"collection":[{"href":"https:\/\/consriodejaneiro.esteri.it\/it\/wp-json\/wp\/v2\/posts"}],"about":[{"href":"https:\/\/consriodejaneiro.esteri.it\/it\/wp-json\/wp\/v2\/types\/post"}],"author":[{"embeddable":true,"href":"https:\/\/consriodejaneiro.esteri.it\/it\/wp-json\/wp\/v2\/users\/6"}],"replies":[{"embeddable":true,"href":"https:\/\/consriodejaneiro.esteri.it\/it\/wp-json\/wp\/v2\/comments?post=2688"}],"version-history":[{"count":6,"href":"https:\/\/consriodejaneiro.esteri.it\/it\/wp-json\/wp\/v2\/posts\/2688\/revisions"}],"predecessor-version":[{"id":3166,"href":"https:\/\/consriodejaneiro.esteri.it\/it\/wp-json\/wp\/v2\/posts\/2688\/revisions\/3166"}],"wp:featuredmedia":[{"embeddable":true,"href":"https:\/\/consriodejaneiro.esteri.it\/it\/wp-json\/wp\/v2\/media\/3162"}],"wp:attachment":[{"href":"https:\/\/consriodejaneiro.esteri.it\/it\/wp-json\/wp\/v2\/media?parent=2688"}],"wp:term":[{"taxonomy":"post_tag","embeddable":true,"href":"https:\/\/consriodejaneiro.esteri.it\/it\/wp-json\/wp\/v2\/tags?post=2688"}],"curies":[{"name":"wp","href":"https:\/\/api.w.org\/{rel}","templated":true}]}}