{"id":3030,"date":"2024-07-05T16:28:04","date_gmt":"2024-07-05T14:28:04","guid":{"rendered":"https:\/\/consriodejaneiro.esteri.it\/?p=3030"},"modified":"2024-07-05T20:51:20","modified_gmt":"2024-07-05T18:51:20","slug":"aperitivo-cultural-jazz-samba-do-migrante-10-07","status":"publish","type":"post","link":"https:\/\/consriodejaneiro.esteri.it\/it\/news\/dal_consolato\/2024\/07\/aperitivo-cultural-jazz-samba-do-migrante-10-07\/","title":{"rendered":"APERITIVO CULTURAL &#8211;  SAMBA DO MIGRANTE 10\/07"},"content":{"rendered":"<p>O Polo Cultural ItaliaNoRio convida a todos para mais uma edi\u00e7\u00e3o do \u2018<strong>Aperitivo Cultural<\/strong>\u2019, evento que combina shows de jazz com a degusta\u00e7\u00e3o de aperitivos t\u00edpicos da It\u00e1lia. A noite acontecer\u00e1 na Casa d\u2019Italia, na pr\u00f3xima quarta-feira, dia 10 de julho.<\/p>\n<p>*Detalhes do Evento:*<br \/>\n&#8211; *Data:* Quarta-feira, 10 de julho<br \/>\n&#8211; *Hor\u00e1rio:* Das 18h \u00e0s 21h30<br \/>\n&#8211; *Local:* Casa d\u2019Italia, Pra\u00e7a It\u00e1lia, Av. Pres. Ant\u00f4nio Carlos, 40 \u2013 Centro, Rio de Janeiro (RJ)<br \/>\n&#8211; *Entrada:* R$ 30,00 (inclui uma consuma\u00e7\u00e3o, show ao vivo e degusta\u00e7\u00e3o de comidinhas italianas)<\/p>\n<p>Os ingressos antecipados podem ser adquiridos atrav\u00e9s do link: <a href=\"https:\/\/ingressos.meep.com.br\/aperitivo-cultural---jazz\">https:\/\/ingressos.meep.com.br\/aperitivo-cultural&#8212;jazz<\/a> . O espa\u00e7o est\u00e1 sujeito a lota\u00e7\u00e3o, ent\u00e3o garanta seu ingresso com anteced\u00eancia.<\/p>\n<p>*Atra\u00e7\u00f5es:*<\/p>\n<p>&#8211; Show ao vivo: <strong>SAMBA DO MIGRANTE Marta Micheli (voz e\u00a0 pandeiro ), Pedro Messina (viol\u00e3o), Mila da Lua (cavaco e voz) e Daniel Silva Gonzalez (percuss\u00e3o)<\/strong>, um grupo composto por 4 m\u00fasicos de diferentes nacionalidades (italiana, brasileira, argentina e chilena) que se apresentar\u00e3o em comemora\u00e7\u00e3o aos 150 anos da imigra\u00e7\u00e3o italiana.<br \/>\n&#8211; *DJ Italiano:* Davide Ruud, que tocar\u00e1 durante a abertura e encerramento do evento.<\/p>\n<p>*Gastronomia e Bebidas:* A proposta do evento \u00e9 transformar o espa\u00e7o em um ponto de encontro cultural, oferecendo aperitivos t\u00edpicos da It\u00e1lia, fornecidos pela rede de S<em>upermercados Zona Sul,<\/em> parceira do projeto.<\/p>\n<p>Bebidas italianas estar\u00e3o \u00e0 venda, incluindo:<br \/>\n&#8211; *Spritz e Negroni da <em>Campari<\/em> :* R$ 30,00<br \/>\n&#8211; *Vinhos italianos:* R$ 30,00<br \/>\n&#8211; *Cervejas <em>NOI<\/em> :* R$ 10,00<br \/>\n&#8211; *Refrigerantes e suco:* R$ 10,00<\/p>\n<p><strong>Polo Cultural Italianorio: <\/strong><\/p>\n<p>Abertura\u00a0 de segunda a sexta-feira, das 7h30 \u00e0s 16h30.<\/p>\n<p>Local: Casa d\u2019Italia Av. Pres. Ant\u00f4nio Carlos, 40 \u2013 terreo Centro, Rio de Janeiro (RJ)<\/p>\n<p>Entrada gratuita<\/p>\n<p>&nbsp;<\/p>\n","protected":false},"excerpt":{"rendered":"O Polo Cultural ItaliaNoRio convida a todos para mais uma edi\u00e7\u00e3o do \u2018Aperitivo Cultural\u2019, evento que combina shows de jazz com a degusta\u00e7\u00e3o de aperitivos t\u00edpicos da It\u00e1lia. A noite acontecer\u00e1 na Casa d\u2019Italia, na pr\u00f3xima quarta-feira, dia 10 de julho. *Detalhes do Evento:* &#8211; *Data:* Quarta-feira, 10 de julho &#8211; *Hor\u00e1rio:* Das 18h \u00e0s [&hellip;]","protected":false},"author":6,"featured_media":3033,"comment_status":"closed","ping_status":"closed","sticky":false,"template":"","format":"standard","meta":{"footnotes":""},"tags":[],"class_list":["post-3030","post","type-post","status-publish","format-standard","has-post-thumbnail","hentry"],"_links":{"self":[{"href":"https:\/\/consriodejaneiro.esteri.it\/it\/wp-json\/wp\/v2\/posts\/3030","targetHints":{"allow":["GET"]}}],"collection":[{"href":"https:\/\/consriodejaneiro.esteri.it\/it\/wp-json\/wp\/v2\/posts"}],"about":[{"href":"https:\/\/consriodejaneiro.esteri.it\/it\/wp-json\/wp\/v2\/types\/post"}],"author":[{"embeddable":true,"href":"https:\/\/consriodejaneiro.esteri.it\/it\/wp-json\/wp\/v2\/users\/6"}],"replies":[{"embeddable":true,"href":"https:\/\/consriodejaneiro.esteri.it\/it\/wp-json\/wp\/v2\/comments?post=3030"}],"version-history":[{"count":6,"href":"https:\/\/consriodejaneiro.esteri.it\/it\/wp-json\/wp\/v2\/posts\/3030\/revisions"}],"predecessor-version":[{"id":3057,"href":"https:\/\/consriodejaneiro.esteri.it\/it\/wp-json\/wp\/v2\/posts\/3030\/revisions\/3057"}],"wp:featuredmedia":[{"embeddable":true,"href":"https:\/\/consriodejaneiro.esteri.it\/it\/wp-json\/wp\/v2\/media\/3033"}],"wp:attachment":[{"href":"https:\/\/consriodejaneiro.esteri.it\/it\/wp-json\/wp\/v2\/media?parent=3030"}],"wp:term":[{"taxonomy":"post_tag","embeddable":true,"href":"https:\/\/consriodejaneiro.esteri.it\/it\/wp-json\/wp\/v2\/tags?post=3030"}],"curies":[{"name":"wp","href":"https:\/\/api.w.org\/{rel}","templated":true}]}}