{"id":4435,"date":"2024-11-01T17:52:32","date_gmt":"2024-11-01T16:52:32","guid":{"rendered":"https:\/\/consriodejaneiro.esteri.it\/?p=4435"},"modified":"2025-03-06T18:00:20","modified_gmt":"2025-03-06T17:00:20","slug":"avviso-di-ricerca-sponsorizzazioni-per-la-creazione-e-promozione-di-uno-spazio-culturale-polo-italianorio-2025","status":"publish","type":"post","link":"https:\/\/consriodejaneiro.esteri.it\/it\/news\/dal_consolato\/2024\/11\/avviso-di-ricerca-sponsorizzazioni-per-la-creazione-e-promozione-di-uno-spazio-culturale-polo-italianorio-2025\/","title":{"rendered":"AVVISO DI RICERCA SPONSORIZZAZIONI PER LA CREAZIONE E PROMOZIONE DI UNO SPAZIO CULTURALE: POLO ITALIANORIO 2025"},"content":{"rendered":"<p>Il Consolato Generale d\u2019Italia a Rio de Janeiro \u00e8 lieto di annunciare la ricerca di sponsorizzazioni per le attivit\u00e0 del <strong>POLO CULTURALE ITALIANORIO &#8211; arte, design e innovazione<\/strong> nell\u2019anno 2025.<\/p>\n<p>Il Polo Culturale Italianorio rappresenta un punto di riferimento per la promozione della cultura italiana in Brasile, attraverso un ricco programma di eventi che spaziano dall\u2019arte contemporanea al design, dall\u2019enogastronomia alla musica, fino all\u2019innovazione tecnologica e alla sostenibilit\u00e0. Per il 2025, il calendario prevede appuntamenti di grande rilievo, tra cui:<\/p>\n<ul>\n<li><strong>Fiera di vini italiani &#8220;Vini fatti a mano&#8221; (10-11 marzo)<\/strong>: un evento esclusivo con la partecipazione di 15 produttori italiani, degustazioni e una cena speciale presso la Casa d\u2019Italia, in collaborazione con Mondoroso.<\/li>\n<li><strong>Expo &#8220;Desigualdades. Il design per una vita migliore&#8221; (aprile-maggio)<\/strong>: in collaborazione con l&#8217;Istituto Europeo di Design (IED), un\u2019esposizione dedicata al design come strumento per ridurre le disuguaglianze sociali.<\/li>\n<li><strong>Inaugurazione della Piazza Italia (2 giugno)<\/strong>: un evento istituzionale di grande visibilit\u00e0, che celebra la cultura italiana attraverso installazioni artistiche e performance.<\/li>\n<li><strong>Mostra &#8220;Portinari&#8221; (luglio-ottobre, con finissage a ottobre)<\/strong>: un omaggio al celebre artista brasiliano di origini italiane.<\/li>\n<li><strong>Manifesti culturali (ottobre\/novembre)<\/strong>: un progetto grafico in concomitanza con il Festival di Rio.<\/li>\n<\/ul>\n<p>Il Consolato Generale d\u2019Italia offre ai partner e sponsor un\u2019ampia visibilit\u00e0 attraverso i materiali promozionali, le conferenze stampa, le piattaforme digitali e la presenza nei principali eventi culturali dell&#8217;anno.<\/p>\n<p>Le aziende e le istituzioni interessate a sostenere le attivit\u00e0 del Polo Culturale Italianorio sono invitate a contattare il Consolato per ricevere maggiori informazioni sulle modalit\u00e0 di collaborazione e sulle opportunit\u00e0 di visibilit\u00e0 dedicate ai partner.<\/p>\n<p>Per ulteriori informazioni:<\/p>\n<p><a href=\"https:\/\/consriodejaneiro.esteri.it\/wp-content\/uploads\/2025\/01\/20250306125651297.pdf\"><strong>Allegato A &#8211; BANDO<\/strong><\/a><\/p>\n<p><a href=\"https:\/\/consriodejaneiro.esteri.it\/wp-content\/uploads\/2025\/01\/POLO-CULTURALE-ITALIANORIO-2024-4_compressed-1.pdf\"><strong>Allegato B &#8211; PRESENTAZIONE POLO ITALIANORIO 2024<\/strong><\/a><\/p>\n<p><a href=\"https:\/\/consriodejaneiro.esteri.it\/wp-content\/uploads\/2025\/01\/Allegato-C-OFFERTA-DI-SPONSORIZZAZIONE.docx\"><strong>Allegato C &#8211; OFFERTA DI SPONSORIZZAZIONE<\/strong><\/a><\/p>\n<p><a href=\"https:\/\/consriodejaneiro.esteri.it\/wp-content\/uploads\/2024\/02\/Allegato-I-DOCUMENTO-UNICO-DEI-REQUISITI.docx\"><strong>Allegato I &#8211; DOCUMENTO UNICO DEI REQUISITI<\/strong><\/a><\/p>\n<p><a href=\"https:\/\/consriodejaneiro.esteri.it\/wp-content\/uploads\/2024\/02\/Allegato-I-DOCUMENTO-UNICO-DEI-REQUISITI.docx\"><strong>Allegato II &#8211; INFORMATIVA DATI PERSONALI<\/strong><\/a><\/p>\n<p>Si informa inoltre che \u00e8 possibile sovvenzionare il progetto culturale del Polo tramite le Leggi di Incentivo alla Cultura Locale, attraverso la <strong data-start=\"220\" data-end=\"235\">Lei Rouanet<\/strong>, alla quale il progetto \u00e8 regolarmente iscritto.<\/p>\n<p><strong><a href=\"https:\/\/consriodejaneiro.esteri.it\/wp-content\/uploads\/2025\/01\/Apresentacao_Lei-Rouanet_Polo_2025.pdf\">Presentazione LEI ROUANET &#8211;\u00a0 POLO CULTURALE ITALIANORIO\u00a0<\/a><\/strong><\/p>\n<p>Per ulteriori informazioni si prega di contattare: <a href=\"mailto:riodejaneiro.eventi@esteri.it\">riodejaneiro.eventi@esteri.it<\/a> e\u00a0 <a href=\"mailto:roberto@artepadilla.rio\">roberto@artepadilla.rio<\/a><\/p>\n","protected":false},"excerpt":{"rendered":"Il Consolato Generale d\u2019Italia a Rio de Janeiro \u00e8 lieto di annunciare la ricerca di sponsorizzazioni per le attivit\u00e0 del POLO CULTURALE ITALIANORIO &#8211; arte, design e innovazione nell\u2019anno 2025. Il Polo Culturale Italianorio rappresenta un punto di riferimento per la promozione della cultura italiana in Brasile, attraverso un ricco programma di eventi che spaziano [&hellip;]","protected":false},"author":6,"featured_media":4269,"comment_status":"closed","ping_status":"closed","sticky":false,"template":"","format":"standard","meta":{"footnotes":""},"tags":[],"class_list":["post-4435","post","type-post","status-publish","format-standard","has-post-thumbnail","hentry"],"_links":{"self":[{"href":"https:\/\/consriodejaneiro.esteri.it\/it\/wp-json\/wp\/v2\/posts\/4435","targetHints":{"allow":["GET"]}}],"collection":[{"href":"https:\/\/consriodejaneiro.esteri.it\/it\/wp-json\/wp\/v2\/posts"}],"about":[{"href":"https:\/\/consriodejaneiro.esteri.it\/it\/wp-json\/wp\/v2\/types\/post"}],"author":[{"embeddable":true,"href":"https:\/\/consriodejaneiro.esteri.it\/it\/wp-json\/wp\/v2\/users\/6"}],"replies":[{"embeddable":true,"href":"https:\/\/consriodejaneiro.esteri.it\/it\/wp-json\/wp\/v2\/comments?post=4435"}],"version-history":[{"count":6,"href":"https:\/\/consriodejaneiro.esteri.it\/it\/wp-json\/wp\/v2\/posts\/4435\/revisions"}],"predecessor-version":[{"id":4479,"href":"https:\/\/consriodejaneiro.esteri.it\/it\/wp-json\/wp\/v2\/posts\/4435\/revisions\/4479"}],"wp:featuredmedia":[{"embeddable":true,"href":"https:\/\/consriodejaneiro.esteri.it\/it\/wp-json\/wp\/v2\/media\/4269"}],"wp:attachment":[{"href":"https:\/\/consriodejaneiro.esteri.it\/it\/wp-json\/wp\/v2\/media?parent=4435"}],"wp:term":[{"taxonomy":"post_tag","embeddable":true,"href":"https:\/\/consriodejaneiro.esteri.it\/it\/wp-json\/wp\/v2\/tags?post=4435"}],"curies":[{"name":"wp","href":"https:\/\/api.w.org\/{rel}","templated":true}]}}