{"id":6933,"date":"2026-07-10T18:17:18","date_gmt":"2026-07-10T16:17:18","guid":{"rendered":"https:\/\/consriodejaneiro.esteri.it\/?p=6933"},"modified":"2026-08-04T17:04:39","modified_gmt":"2026-08-04T15:04:39","slug":"cessazione-della-validita-della-carta-didentita-cartacea-per-lespatrio-dal-3-agosto","status":"publish","type":"post","link":"https:\/\/consriodejaneiro.esteri.it\/it\/news\/dal_consolato\/2026\/07\/cessazione-della-validita-della-carta-didentita-cartacea-per-lespatrio-dal-3-agosto\/","title":{"rendered":"Cessazione della validit\u00e0 della carta d\u2019identit\u00e0 cartacea per l\u2019espatrio dal 3 agosto"},"content":{"rendered":"<p>A partire dal 3 agosto 2026 la versione cartacea della carta di identit\u00e0 cesser\u00e0 di essere valida per l\u2019espatrio, indipendentemente dalla data di scadenza riportata sul retro.<\/p>\n<p>Il DL 26\/06\/2026 n.108 ha introdotto alcune modifiche importanti:<\/p>\n<ul>\n<li>La Carta d\u2019Identit\u00e0 Cartacea non scaduta pu\u00f2 essere utilizzata come strumento identificativo nei rapporti con la Pubblica Amministrazione italiana e con i soggetti che erogano pubblici servizi, compresi i Consolati;<\/li>\n<li>I Comuni italiani in casi di urgenza possono emettere un documento d\u2019identit\u00e0 provvisorio valido per l\u2019espatrio, non rinnovabile, e con una validit\u00e0 non superiore a 6 mesi. Il documento potrebbe non essere accettato in alcuni Stati esteri: verifica i requisiti di ingresso su <a href=\"https:\/\/www.viaggiaresicuri.it\/home\">Viaggiare Sicuri<\/a>;<\/li>\n<li>A decorrere dal 30 luglio 2026 \u2013 la Carta d\u2019Identit\u00e0 Elettronica rilasciata ai cittadini di et\u00e0 pari o superiore ai settanta anni al momento della richiesta di emissione avr\u00e0 validit\u00e0 illimitata, restando utilizzabile ai fini dell\u2019espatrio. In altri termini, il cittadino ultrasettantenne in cui favore sia stata rilasciata una CIE dopo il 30 luglio non sar\u00e0 soggetto al rinnovo periodico del documento.<\/li>\n<\/ul>\n<p>Contattattaci per conoscere le modalit\u00e0 di rilascio della nuova Carta di Identit\u00e0 Elettronica:\u00a0<a href=\"https:\/\/www.esteri.it\/it\/ministero\/struttura\/laretediplomatica\/\">https:\/\/www.esteri.it\/it\/ministero\/struttura\/laretediplomatica\/<\/a> .<\/p>\n<p>Dal 1\u00b0 giugno \u00e8 possibile per i cittadini italiani residenti all\u2019estero (AIRE) richiedere la CIE anche presso ogni Comune italiano, come specificato dalla Legge 19 gennaio 2026, n.11. Ricordati di portare con te il Codice Fiscale!<\/p>\n<p>Qualora la carta d&#8217;identit\u00e0 non dovesse pervenire entro 30 giorni, si prega di prendere contatto con i nostri uffici scrivendo a: <strong><a href=\"mailto:pass.riodejaneiro@esteri.it\">pass.riodejaneiro@esteri.it<\/a><\/strong>.<\/p>\n","protected":false},"excerpt":{"rendered":"A partire dal 3 agosto 2026 la versione cartacea della carta di identit\u00e0 cesser\u00e0 di essere valida per l\u2019espatrio, indipendentemente dalla data di scadenza riportata sul retro. Il DL 26\/06\/2026 n.108 ha introdotto alcune modifiche importanti: La Carta d\u2019Identit\u00e0 Cartacea non scaduta pu\u00f2 essere utilizzata come strumento identificativo nei rapporti con la Pubblica Amministrazione italiana [&hellip;]","protected":false},"author":6,"featured_media":6934,"comment_status":"closed","ping_status":"closed","sticky":false,"template":"","format":"standard","meta":{"footnotes":""},"tags":[],"class_list":["post-6933","post","type-post","status-publish","format-standard","has-post-thumbnail","hentry"],"_links":{"self":[{"href":"https:\/\/consriodejaneiro.esteri.it\/it\/wp-json\/wp\/v2\/posts\/6933","targetHints":{"allow":["GET"]}}],"collection":[{"href":"https:\/\/consriodejaneiro.esteri.it\/it\/wp-json\/wp\/v2\/posts"}],"about":[{"href":"https:\/\/consriodejaneiro.esteri.it\/it\/wp-json\/wp\/v2\/types\/post"}],"author":[{"embeddable":true,"href":"https:\/\/consriodejaneiro.esteri.it\/it\/wp-json\/wp\/v2\/users\/6"}],"replies":[{"embeddable":true,"href":"https:\/\/consriodejaneiro.esteri.it\/it\/wp-json\/wp\/v2\/comments?post=6933"}],"version-history":[{"count":3,"href":"https:\/\/consriodejaneiro.esteri.it\/it\/wp-json\/wp\/v2\/posts\/6933\/revisions"}],"predecessor-version":[{"id":7024,"href":"https:\/\/consriodejaneiro.esteri.it\/it\/wp-json\/wp\/v2\/posts\/6933\/revisions\/7024"}],"wp:featuredmedia":[{"embeddable":true,"href":"https:\/\/consriodejaneiro.esteri.it\/it\/wp-json\/wp\/v2\/media\/6934"}],"wp:attachment":[{"href":"https:\/\/consriodejaneiro.esteri.it\/it\/wp-json\/wp\/v2\/media?parent=6933"}],"wp:term":[{"taxonomy":"post_tag","embeddable":true,"href":"https:\/\/consriodejaneiro.esteri.it\/it\/wp-json\/wp\/v2\/tags?post=6933"}],"curies":[{"name":"wp","href":"https:\/\/api.w.org\/{rel}","templated":true}]}}