{"id":791,"date":"2022-03-04T19:11:00","date_gmt":"2022-03-04T18:11:00","guid":{"rendered":"https:\/\/consriodejaneiro.esteri.it\/news\/dal_consolato\/2022\/03\/consiglio-generale-degli-italiani\/"},"modified":"2022-03-04T19:11:00","modified_gmt":"2022-03-04T18:11:00","slug":"consiglio-generale-degli-italiani","status":"publish","type":"post","link":"https:\/\/consriodejaneiro.esteri.it\/it\/news\/dal_consolato\/2022\/03\/consiglio-generale-degli-italiani\/","title":{"rendered":"CONSIGLIO GENERALE DEGLI ITALIANI ALL\u2019ESTERO ELEZIONI 2022 &#8211; COMUNICATO STAMPA ASSEMBLEA PAESE"},"content":{"rendered":"<p style=\"text-align: justify;\">Si informa che in data 9 aprile 2022 si svolgeranno i lavori dell\u2019Assemblea Paese che sar\u00e0 chiamata ad eleggere i membri territoriali in occasione del rinnovo del Consiglio Generale degli Italiani all\u2019Estero.<\/p>\n<p style=\"text-align: justify;\">Il CGIE \u00e8 l&#8217;organismo di rappresentanza delle comunit\u00e0 italiane all&#8217;estero presso tutti gli organismi che pongono in essere politiche che interessano le comunit\u00e0 italiane all&#8217;estero.<\/p>\n<p style=\"text-align: justify;\">In aderenza ai principi affermati dagli articoli 3 e 35 della Costituzione, il CGIE ha il fine di promuovere e agevolare lo sviluppo delle condizioni di vita delle comunit\u00e0 italiane all&#8217;estero e dei loro singoli componenti, di rafforzare il collegamento di tali comunit\u00e0 con la vita politica, culturale, economica e sociale dell&#8217;Italia, di assicurare la pi\u00f9 efficace tutela dei diritti degli italiani all&#8217;estero e di facilitarne il mantenimento dell&#8217;identit\u00e0 culturale e linguistica, l&#8217;integrazione nelle societ\u00e0 di accoglimento e la partecipazione alla vita delle comunit\u00e0 locali, nonch\u00e9 di facilitare il coinvolgimento delle comunit\u00e0 italiane residenti nei Paesi in via di sviluppo nelle attivit\u00e0 di cooperazione allo sviluppo e di collaborazione nello svolgimento delle iniziative commerciali aventi come partner principali l\u2019ITA (Italian Trade Agency), le camere di commercio, industria, artigianato e agricoltura e le altre forme associative dell&#8217;imprenditoria italiana.<\/p>\n<p style=\"text-align: justify;\">Tutti i cittadini italiani residenti da almeno tre anni in Brasile, che non siano gi\u00e0 componenti di diritto dell\u2019Assemblea Paese (membri Com.It.Es., eletti e cooptati, e designati delle Associazioni italiane all\u2019estero registrate nell\u2019albo consolare), possono candidarsi facendo pervenire alla propria rappresentanza consolare di riferimento la scheda di candidatura (scarica qui il <a href=\"resource\/doc\/2022\/03\/modello_a_-_scheda_di_candidatura_citt._italiani_e_ue_6.doc\"><strong>MOD.A<\/strong> <\/a>e il <a href=\"resource\/doc\/2022\/03\/modello_b_scheda_di_candidatura_cittadini_stranieri_1.doc\"><strong>MOD.B<\/strong><\/a> completi di informativa sul trattamento dei dati personali) almeno 10 giorni prima della data di svolgimento dell\u2019Assemblea Paese.<\/p>\n<p style=\"text-align: justify;\">Possono candidarsi anche persone non in possesso della cittadinanza italiana, purch\u00e9 siano figli o discendenti di cittadini italiani e residenti nel Paese da almeno tre anni. Costoro potranno essere eletti in proporzione non superiore alla met\u00e0 dei componenti espressi dal singolo Paese.<\/p>\n<p style=\"text-align: justify;\">I candidati che non siano al tempo stesso componenti dell\u2019Assemblea Paese potranno assistere ai relativi lavori senza diritto di voto n\u00e9 diritto al rimborso delle relative spese di viaggio.<\/p>\n<p style=\"text-align: justify;\">Per ogni ulteriore indicazione relativamente alle candidature, vi invitiamo a contattarci al seguente indirizzo :\u00a0<a href=\"mailto:brasilia.elettorale@esteri.it\">brasilia.elettorale@esteri.it<\/a>\u00a0<\/p>\n","protected":false},"excerpt":{"rendered":"Si informa che in data 9 aprile 2022 si svolgeranno i lavori dell\u2019Assemblea Paese che sar\u00e0 chiamata ad eleggere i membri territoriali in occasione del rinnovo del Consiglio Generale degli Italiani all\u2019Estero. Il CGIE \u00e8 l&#8217;organismo di rappresentanza delle comunit\u00e0 italiane all&#8217;estero presso tutti gli organismi che pongono in essere politiche che interessano le comunit\u00e0 [&hellip;]","protected":false},"author":1,"featured_media":0,"comment_status":"","ping_status":"","sticky":false,"template":"","format":"standard","meta":{"footnotes":""},"tags":[],"class_list":["post-791","post","type-post","status-publish","format-standard","hentry"],"_links":{"self":[{"href":"https:\/\/consriodejaneiro.esteri.it\/it\/wp-json\/wp\/v2\/posts\/791","targetHints":{"allow":["GET"]}}],"collection":[{"href":"https:\/\/consriodejaneiro.esteri.it\/it\/wp-json\/wp\/v2\/posts"}],"about":[{"href":"https:\/\/consriodejaneiro.esteri.it\/it\/wp-json\/wp\/v2\/types\/post"}],"author":[{"embeddable":true,"href":"https:\/\/consriodejaneiro.esteri.it\/it\/wp-json\/wp\/v2\/users\/1"}],"replies":[{"embeddable":true,"href":"https:\/\/consriodejaneiro.esteri.it\/it\/wp-json\/wp\/v2\/comments?post=791"}],"version-history":[{"count":0,"href":"https:\/\/consriodejaneiro.esteri.it\/it\/wp-json\/wp\/v2\/posts\/791\/revisions"}],"wp:attachment":[{"href":"https:\/\/consriodejaneiro.esteri.it\/it\/wp-json\/wp\/v2\/media?parent=791"}],"wp:term":[{"taxonomy":"post_tag","embeddable":true,"href":"https:\/\/consriodejaneiro.esteri.it\/it\/wp-json\/wp\/v2\/tags?post=791"}],"curies":[{"name":"wp","href":"https:\/\/api.w.org\/{rel}","templated":true}]}}