{"id":794,"date":"2022-02-16T21:52:01","date_gmt":"2022-02-16T20:52:01","guid":{"rendered":"https:\/\/consriodejaneiro.esteri.it\/news\/dal_consolato\/2022\/02\/visita-dell-ambasciatore-francesco\/"},"modified":"2022-02-16T21:52:01","modified_gmt":"2022-02-16T20:52:01","slug":"visita-dell-ambasciatore-francesco","status":"publish","type":"post","link":"https:\/\/consriodejaneiro.esteri.it\/it\/news\/dal_consolato\/2022\/02\/visita-dell-ambasciatore-francesco\/","title":{"rendered":"Visita dell&#8217;Ambasciatore Francesco Azzarello a Vit\u00f3ria (14-16 febbraio 2022) \u2013 Comunicato Stampa"},"content":{"rendered":"<p style=\"text-align: justify;\">L&#8217;Ambasciatore d&#8217;Italia a Brasilia, Francesco Azzarello, \u00e8 stato in visita ufficiale a Vit\u00f3ria, capitale dello Stato di Espirito Santo, dal 14 al 16 febbraio, accompagnato dal Console Generale a Rio de Janeiro, Paolo Miraglia Del Giudice, dal Console Onorario, Roger Gaggiato e dal Presidente di Leonardo Brasile, Francesco Moliterni, per incontri con le autorit\u00e0 locali, esponenti delle comunit\u00e0 d\u2019affari e della collettivit\u00e1 italiana.<\/p>\n<p style=\"text-align: justify;\">Prima riunione di lavoro con il Governatore dello Stato, Renato Casagrande. \u00c8 stata ricordata l&#8217;importanza che Espirito Santo riveste per l\u00b4Italia in considerazione del 60% di popolazione di origine italiana, dei legami risalenti agli anni 1870, i seguiti del Protocollo d&#8217;Intesa del 2015 tra Espirito Santo e Regione Veneto, area di provenienza, insieme al Trentino, di buona parte della locale immigrazione italiana. Il Governatore ha proposto l\u2019istituzione di una Camera di Commercio italo-brasiliana dell\u2019Espirito Santo, onde sviluppare ulteriormente le importanti realt\u00e0 imprenditoriali gi\u00e0 esistenti.<\/p>\n<p style=\"text-align: justify;\">Secondo incontro di lavoro con il Sindaco di Vit\u00f3ria, Lorenzo Pazolini, con il quale \u00e8 stata approfondita la possibilit\u00e0 di costituire un centro linguistico-culturale congiunto, oltre a collaborazioni con l\u2019Istituto Italiano di Cultura di Rio. Il Sindaco ha chiesto al Presidente di Leonardo Brasile un approfondimento in tema di citta\u2019 intelligenti, sulla scia della collaborazione, insieme a TIM Brasile ed ENEL X, avviata la scorsa settimana con lo stato di Rio de Janeiro.<\/p>\n<p>Nel corso della visita allo Sportello consolare, operativo dal novembre 2020, si \u00e8 tenuta una simbolica cerimonia di inaugurazione, dopo i diversi rinvii a causa della pandemia.<\/p>\n<p style=\"text-align: justify;\">Nel corso del cordiale e costruttivo incontro con la Presidente Ana Maria Cani ed i membri del neo-eletto Comitato degli Italiani all\u2019Estero di Rio de Janeiro ed Espirito Santo \u00e8 stata chiesta l&#8217;apertura di un&#8217;Agenzia Consolare di I categoria, ritenuta indispensabile sulla base dei sostanziali miglioramenti di alcuni servizi ottenuti grazie allo Sportello consolare.<\/p>\n<p style=\"text-align: justify;\">Nella sede della Federazione delle Industrie di Espirito Santo si \u00e8 discusso delle prospettive di collaborazione con la Presidente, Cris Samorini, che ha convenuto sull\u2019opportunit\u00e0 di istituire una Camera di Commercio italo-brasiliana a Vit\u00f3ria. Vivo interesse per la Camera \u00e8 stato manifestato anche dai principali esponenti della comunit\u00e0 d\u2019affari italiana ed italo-brasiliana in un successivo incontro.<\/p>\n<p style=\"text-align: justify;\">L&#8217;Ambasciatore Azzarello, oltre a concedere alcune interviste a mezzi di informazione, ha visitato l&#8217;Archivio Pubblico dello Stato di Espirito Santo, dedicato in buona parte all&#8217;immigrazione italiana, ricevuto dal Direttore Gilmar Franceschetto, membro del Com.It.Es., intrattenendosi con studiosi e ricercatori, oltre che con il personale.<\/p>\n","protected":false},"excerpt":{"rendered":"L&#8217;Ambasciatore d&#8217;Italia a Brasilia, Francesco Azzarello, \u00e8 stato in visita ufficiale a Vit\u00f3ria, capitale dello Stato di Espirito Santo, dal 14 al 16 febbraio, accompagnato dal Console Generale a Rio de Janeiro, Paolo Miraglia Del Giudice, dal Console Onorario, Roger Gaggiato e dal Presidente di Leonardo Brasile, Francesco Moliterni, per incontri con le autorit\u00e0 locali, [&hellip;]","protected":false},"author":1,"featured_media":0,"comment_status":"","ping_status":"","sticky":false,"template":"","format":"standard","meta":{"footnotes":""},"tags":[],"class_list":["post-794","post","type-post","status-publish","format-standard","hentry"],"_links":{"self":[{"href":"https:\/\/consriodejaneiro.esteri.it\/it\/wp-json\/wp\/v2\/posts\/794","targetHints":{"allow":["GET"]}}],"collection":[{"href":"https:\/\/consriodejaneiro.esteri.it\/it\/wp-json\/wp\/v2\/posts"}],"about":[{"href":"https:\/\/consriodejaneiro.esteri.it\/it\/wp-json\/wp\/v2\/types\/post"}],"author":[{"embeddable":true,"href":"https:\/\/consriodejaneiro.esteri.it\/it\/wp-json\/wp\/v2\/users\/1"}],"replies":[{"embeddable":true,"href":"https:\/\/consriodejaneiro.esteri.it\/it\/wp-json\/wp\/v2\/comments?post=794"}],"version-history":[{"count":0,"href":"https:\/\/consriodejaneiro.esteri.it\/it\/wp-json\/wp\/v2\/posts\/794\/revisions"}],"wp:attachment":[{"href":"https:\/\/consriodejaneiro.esteri.it\/it\/wp-json\/wp\/v2\/media?parent=794"}],"wp:term":[{"taxonomy":"post_tag","embeddable":true,"href":"https:\/\/consriodejaneiro.esteri.it\/it\/wp-json\/wp\/v2\/tags?post=794"}],"curies":[{"name":"wp","href":"https:\/\/api.w.org\/{rel}","templated":true}]}}