{"id":831,"date":"2021-10-15T18:19:30","date_gmt":"2021-10-15T16:19:30","guid":{"rendered":"https:\/\/consriodejaneiro.esteri.it\/news\/dal_consolato\/2021\/10\/90-anni-del-cristo-redentore-l\/"},"modified":"2021-10-15T18:19:30","modified_gmt":"2021-10-15T16:19:30","slug":"90-anni-del-cristo-redentore-l","status":"publish","type":"post","link":"https:\/\/consriodejaneiro.esteri.it\/it\/news\/dal_consolato\/2021\/10\/90-anni-del-cristo-redentore-l\/","title":{"rendered":"90 ANNI DEL CRISTO REDENTORE: L&#8217;ILLUMINAZIONE DEL MONUMENTO SAR\u00c0 ATTIVATA DIRETTAMENTE DALL&#8217;ITALIA IN RIEDIZIONE DELL\u2019EVENTO AVVENUTO NELLA NOTTE DELL&#8217;INAUGURAZIONE"},"content":{"rendered":"<p style=\"text-align: center;\"><a href=\"resource\/doc\/2021\/10\/press_release_italiano_-_90_anni_cristo_redentor__.pdf\"><strong>90 ANNI DEL CRISTO REDENTORE:<\/strong><\/a><\/p>\n<p style=\"text-align: center;\"><a href=\"resource\/doc\/2021\/10\/press_release_italiano_-_90_anni_cristo_redentor__.pdf\"><strong>L&#8217;ILLUMINAZIONE DEL MONUMENTO SAR\u00c0 ATTIVATA DIRETTAMENTE DALL&#8217;ITALIA<\/strong><\/a><\/p>\n<p style=\"text-align: center;\"><a href=\"resource\/doc\/2021\/10\/press_release_italiano_-_90_anni_cristo_redentor__.pdf\"><strong>IN RIEDIZIONE DELL\u2019EVENTO AVVENUTO NELLA NOTTE DELL&#8217;INAUGURAZIONE<\/strong><\/a><\/p>\n<p style=\"text-align: center;\">La settimana che celebra l&#8217;anniversario del simbolo carioca sar\u00e0 caratterizzata dalla Giornata dell&#8217;Italia.<\/p>\n<p style=\"text-align: center;\">L&#8217;evento ricorder\u00e0 la partecipazione dello scienziato italiano Guglielmo Marconi all&#8217;inaugurazione della statua,<\/p>\n<p style=\"text-align: center;\">che rafforza la partnership tra i due Paesi.<\/p>\n<p>Il 12 ottobre il Cristo Redentore compie 90 anni. Parte della estesa festa di anniversario si svolger\u00e0 contemporaneamente a Rio de Janeiro e in Italia, Paese che custodisce una parte importante della storia del monumento che, dal 2007, \u00e8 stato inserito tra le sette meraviglie del mondo moderno.<\/p>\n<p>Il 16 ottobre l&#8217;Arcidiocesi di S\u00e3o Sebasti\u00e3o a Rio de Janeiro, il Santuario del Cristo Redentore e il Consolato Generale d&#8217;Italia a Rio de Janeiro promuoveranno la \u201cGiornata dell&#8217;Italia\u201d nell&#8217;ambito delle celebrazioni per il 90\u00b0 anniversario della principale cartolina postale della Citt\u00e0.<\/p>\n<p>L&#8217;evento riproporr\u00e0 la partecipazione italiana all&#8217;inaugurazione del Cristo Redentore, avvenuta la notte del 12 ottobre 1931. In quell&#8217;occasione fu dato da Roma un impulso elettrico dallo scienziato italiano Guglielmo Marconi per attivare l&#8217;illuminazione della statua, a pi\u00f9 di 10.000 chilometri di distanza dall&#8217;Italia.<\/p>\n<p>Per raggiungere il Monte Corcovado, a Rio, il segnale elettrico fatto partire da Roma \u00e8 stato catturato da una stazione a Dorchester, in Inghilterra, e ritrasmesso a una torre a Jacarepagu\u00e1, nella Zona Ovest di Rio, da dove \u00e8 stato poi rinviato al meccanismo che ha attivato le luci del Cristo Redentore.<\/p>\n<p>&#8220;<em>A 90 anni di distanza, vogliamo ricordare l&#8217;importante evento storico dell&#8217;illuminazione del Cristo Redentore con un impulso elettrico inviato da Roma, celebrando la grandezza dell&#8217;opera di Marconi e l&#8217;eccellenza scientifico-tecnologica italiana ancora capace di unire i popoli<\/em>&#8220;, ha sottolineato il Console Generale d&#8217;Italia a Rio de Janeiro, Paolo Miraglia del Giudice.<\/p>\n<p>Nella \u201cGiornata dell&#8217;Italia\u201d sar\u00e0 la figlia dello scienziato Guglielmo Marconi, la principessa Elettra Marconi Giovanelli, 91 anni, a far scattare l&#8217;accensione del monumento direttamente dall&#8217;Italia.<\/p>\n<p>In questa riedizione dell&#8217;impresa di Marconi, il Cristo Redentore sar\u00e0 illuminato con i colori della bandiera italiana. Contemporaneamente, Villa Griffone, residenza della famiglia Marconi in Italia, sar\u00e0 illuminata con i colori della bandiera brasiliana. Il luogo fu teatro dei primi esperimenti dello scienziato ed \u00e8 considerato monumento nazionale, oggi sede della Fondazione Marconi e del Museo a lui dedicato.<\/p>\n<p><strong>Busto di Marconi e Cristo di Maratea <\/strong><\/p>\n<p>La \u201cGiornata dell&#8217;Italia\u201d per l&#8217;anniversario del Cristo Redentore comprender\u00e0 altre tre azioni importanti che rafforzano i gi\u00e0 stretti legami tra Brasile e Italia.<\/p>\n<p>Un busto dello scienziato Guglielmo Marconi sar\u00e0 inaugurato, su un livello sottostante al Santuario del Cristo Redentore, nell&#8217;ambito delle celebrazioni dell&#8217;anniversario del monumento. Il busto \u00e8 stato donato dal Comune di Sasso Marconi, luogo di nascita dello scienziato. Laureato in fisica, Marconi \u00e8 considerato l&#8217;inventore della radio per aver scoperto il primo sistema pratico di telegrafia senza fili (TSF) nel 1896.<\/p>\n<p>Il programma prevede anche un tributo alla citt\u00e0 italiana di Maratea, in provincia di Potenza &#8211; Basilicata, che custodisce anch\u2019 essa un Cristo, realizzato tra il 1963 e il 1965.<\/p>\n<p>Il Cristo di Maratea, installato in cima al Monte San Biagio, sar\u00e0 illuminato con i colori della bandiera brasiliana, mentre il monumento di Rio sar\u00e0 illuminato con i colori della bandiera italiana.<\/p>\n<p>Il concerto della cantante italiana Mafalda Minnozzi chiuder\u00e0 la \u201cGiornata dell&#8217;Italia\u201d per l&#8217;anniversario del Cristo Redentore. L&#8217;evento sar\u00e0 trasmesso in diretta in Italia dalla rete radiotelevisiva RAI3.<\/p>\n<p>\u201c<em>Con questa cerimonia vogliamo anche rafforzare i rapporti di amicizia e di collaborazione profonda e fraterna che esistono tra Italia e Brasile<\/em>\u201d, ha evidenziato il Console Generale.<\/p>\n<p>Le azioni previste dal programma dell&#8217;evento sono sponsorizzate dalle aziende italiane Enel, Leonardo e Tim, con sede in Brasile e leader mondiali nei settori dell&#8217;energia, della tecnologia e delle telecomunicazioni.<\/p>\n<p>Evento: Festa dell&#8217;Italia nelle celebrazioni per l&#8217;anniversario del Cristo Redentore<\/p>\n<p>Quando: 16 ottobre 2021 (sabato) a partire dalle ore 17:00 (ora di Brasilia)<\/p>\n<p>Dove: Santuario del Cristo Redentore \u2013 Monte Corcovado, Parco Nazionale di Tijuca<\/p>\n<p>Accesso: riservato agli ospiti e mezzi di comunicazione opportunamente identificati<\/p>\n<p>Programma:<\/p>\n<p>\u00b7 17:45: Inaugurazione del busto dello scienziato Guglielmo Marconi, installato nel Santuario del Cristo Redentore;<\/p>\n<p>\u00b718:15: attivazione della nuova illuminazione del Cristo Redentore ad opera della Principessa Elettra Marconi Giovanelli direttamente dall\u2019 Italia;<\/p>\n<p>\u00b719:00: concerto della cantante italiana Mafalda Minnozzi;<\/p>\n<p>\u00b720:00: Chiusura dell&#8217;evento.<\/p>\n<p>\u00a0<\/p>\n<p>@italyinrio (instagram, facebook e twitter)<\/p>\n<p>\u00a0<\/p>\n<p>\u00a0<\/p>\n","protected":false},"excerpt":{"rendered":"90 ANNI DEL CRISTO REDENTORE: L&#8217;ILLUMINAZIONE DEL MONUMENTO SAR\u00c0 ATTIVATA DIRETTAMENTE DALL&#8217;ITALIA IN RIEDIZIONE DELL\u2019EVENTO AVVENUTO NELLA NOTTE DELL&#8217;INAUGURAZIONE La settimana che celebra l&#8217;anniversario del simbolo carioca sar\u00e0 caratterizzata dalla Giornata dell&#8217;Italia. L&#8217;evento ricorder\u00e0 la partecipazione dello scienziato italiano Guglielmo Marconi all&#8217;inaugurazione della statua, che rafforza la partnership tra i due Paesi. Il 12 ottobre [&hellip;]","protected":false},"author":1,"featured_media":0,"comment_status":"","ping_status":"","sticky":false,"template":"","format":"standard","meta":{"footnotes":""},"tags":[],"class_list":["post-831","post","type-post","status-publish","format-standard","hentry"],"_links":{"self":[{"href":"https:\/\/consriodejaneiro.esteri.it\/it\/wp-json\/wp\/v2\/posts\/831","targetHints":{"allow":["GET"]}}],"collection":[{"href":"https:\/\/consriodejaneiro.esteri.it\/it\/wp-json\/wp\/v2\/posts"}],"about":[{"href":"https:\/\/consriodejaneiro.esteri.it\/it\/wp-json\/wp\/v2\/types\/post"}],"author":[{"embeddable":true,"href":"https:\/\/consriodejaneiro.esteri.it\/it\/wp-json\/wp\/v2\/users\/1"}],"replies":[{"embeddable":true,"href":"https:\/\/consriodejaneiro.esteri.it\/it\/wp-json\/wp\/v2\/comments?post=831"}],"version-history":[{"count":0,"href":"https:\/\/consriodejaneiro.esteri.it\/it\/wp-json\/wp\/v2\/posts\/831\/revisions"}],"wp:attachment":[{"href":"https:\/\/consriodejaneiro.esteri.it\/it\/wp-json\/wp\/v2\/media?parent=831"}],"wp:term":[{"taxonomy":"post_tag","embeddable":true,"href":"https:\/\/consriodejaneiro.esteri.it\/it\/wp-json\/wp\/v2\/tags?post=831"}],"curies":[{"name":"wp","href":"https:\/\/api.w.org\/{rel}","templated":true}]}}