{"id":832,"date":"2021-10-14T23:38:29","date_gmt":"2021-10-14T21:38:29","guid":{"rendered":"https:\/\/consriodejaneiro.esteri.it\/news\/dal_consolato\/2021\/10\/mostra-all-alerj-dedicata-al-poeta\/"},"modified":"2021-10-14T23:38:29","modified_gmt":"2021-10-14T21:38:29","slug":"mostra-all-alerj-dedicata-al-poeta","status":"publish","type":"post","link":"https:\/\/consriodejaneiro.esteri.it\/it\/news\/dal_consolato\/2021\/10\/mostra-all-alerj-dedicata-al-poeta\/","title":{"rendered":"Mostra all&#8217;ALERJ dedicata al poeta italiano Dante Alighieri, per i 700 anni dalla sua morte"},"content":{"rendered":"<p style=\"text-align: center;\"><strong><span style=\"text-decoration: underline;\"><a href=\"resource\/doc\/2021\/10\/press_release_-_dante_vale_.pdf\">Mostra all&#8217;ALERJ dedicata al poeta italiano Dante Alighieri, per i 700 anni dalla sua morte<\/a>.<\/span><\/strong><\/p>\n<p>Promossa dal Consolato Generale d&#8217;Italia a Rio de Janeiro, Dante&#8230;Vale esalta la Divina Commedia, opera epica del Sommo Poeta, attraverso la satira dei maestri del carnevale di Viareggio.<\/p>\n<p>Il poeta italiano Dante Alighieri riceve un tributo speciale a Rio de Janeiro perl\u2019anniversario dei 700 anni dalla sua morte. La mostra Dante&#8230;Vale, che usa la satira dei maestri carnevaleschi di Viareggio per esaltare \u201cLa Divina Commedia\u201d, una delle opere letterarie pi\u00f9 famose al mondo.<\/p>\n<p>Promossa dal Consolato Generale d&#8217;Italia a Rio, la mostra Dante&#8230;Vale occuper\u00e0 per tre mesi la Sala Nobile dell&#8217;Assemblea Legislativa dello Stato (ALERJ). Sar\u00e0 aperta al pubblico il 19 ottobre e durer\u00e0 fino al 15 gennaio del prossimo anno.<\/p>\n<p>L&#8217;epopea di Dante \u00e8 raccontata in mostra attraverso 17 bozzetti originali di carri che hanno sfilato in diverse edizioni del carnevale di Viareggio, citt\u00e0 italiana della Toscana con 148 anni di tradizione delle feste popolari.<\/p>\n<p>In chiave satirica, le opere carnevalesche di Viareggio imprimono una rilettura moderna, con richiamo politico e sociale, dell&#8217;inferno, del purgatorio e del paradiso dantesco narrati nel celebre libro che, da sette secoli, ispira generazioni di artisti in tutto il mondo.<\/p>\n<p><strong>Padre della lingua italiana.<\/strong><\/p>\n<p>Dante Alighieri \u00e8 venerato in Italia come il \u201cSommo Poeta\u201d per via del suo capolavoro, che ha contribuito alla nascita della lingua italiana. La letteratura medievale era scritta in latino, ma scelse il dialetto toscano per scrivere La Divina Commedia, gettando cos\u00ec le basi per l&#8217;italiano moderno.<\/p>\n<p>Il successo dell&#8217;opera ispir\u00f2 anche altri autori del Medioevo, come Petrarca e Boccaccio, all&#8217;uso del dialetto toscano. Per questo Dante \u00e8 riconosciuto come il padre della lingua italiana.<\/p>\n<p>L&#8217;ente creato per diffondere la lingua e la cultura italiana nel mondo si chiamava Societ\u00e0 Dante Alighieri. Attualmente, l&#8217;Italia prevede di installare a Firenze, citt\u00e0 natale del poeta, il Museo della Lingua Italiana.<\/p>\n<p>Servizio: Mostra Dante&#8230;Vale!<\/p>\n<p>Dove: Pal\u00e1cio Tiradentes Sal\u00e3o Nobre, sede dell&#8217;Assemblea Legislativa di Rio de Janeiro &#8211;<\/p>\n<p>Rua Primeiro de Mar\u00e7o, s\/n \u2013 Pra\u00e7a XV \u2013 Centro<\/p>\n<p>Quando: dal 19 ottobre 2021 al 15 gennaio 2022<\/p>\n<p>Dal luned\u00ec al venerd\u00ec dalle 10.00 alle 19.00, il sabato dalle 10.00 alle 17.00<\/p>\n<p>Per maggiori informazioni: <a href=\"https:\/\/dantevale.com.br\/\">www.dantevale.com.br<\/a><\/p>\n<p>@italyinrio (instagram, facebook e twitter)<\/p>\n","protected":false},"excerpt":{"rendered":"Mostra all&#8217;ALERJ dedicata al poeta italiano Dante Alighieri, per i 700 anni dalla sua morte. Promossa dal Consolato Generale d&#8217;Italia a Rio de Janeiro, Dante&#8230;Vale esalta la Divina Commedia, opera epica del Sommo Poeta, attraverso la satira dei maestri del carnevale di Viareggio. Il poeta italiano Dante Alighieri riceve un tributo speciale a Rio de [&hellip;]","protected":false},"author":1,"featured_media":0,"comment_status":"","ping_status":"","sticky":false,"template":"","format":"standard","meta":{"footnotes":""},"tags":[],"class_list":["post-832","post","type-post","status-publish","format-standard","hentry"],"_links":{"self":[{"href":"https:\/\/consriodejaneiro.esteri.it\/it\/wp-json\/wp\/v2\/posts\/832","targetHints":{"allow":["GET"]}}],"collection":[{"href":"https:\/\/consriodejaneiro.esteri.it\/it\/wp-json\/wp\/v2\/posts"}],"about":[{"href":"https:\/\/consriodejaneiro.esteri.it\/it\/wp-json\/wp\/v2\/types\/post"}],"author":[{"embeddable":true,"href":"https:\/\/consriodejaneiro.esteri.it\/it\/wp-json\/wp\/v2\/users\/1"}],"replies":[{"embeddable":true,"href":"https:\/\/consriodejaneiro.esteri.it\/it\/wp-json\/wp\/v2\/comments?post=832"}],"version-history":[{"count":0,"href":"https:\/\/consriodejaneiro.esteri.it\/it\/wp-json\/wp\/v2\/posts\/832\/revisions"}],"wp:attachment":[{"href":"https:\/\/consriodejaneiro.esteri.it\/it\/wp-json\/wp\/v2\/media?parent=832"}],"wp:term":[{"taxonomy":"post_tag","embeddable":true,"href":"https:\/\/consriodejaneiro.esteri.it\/it\/wp-json\/wp\/v2\/tags?post=832"}],"curies":[{"name":"wp","href":"https:\/\/api.w.org\/{rel}","templated":true}]}}