{"id":836,"date":"2021-09-02T21:05:06","date_gmt":"2021-09-02T19:05:06","guid":{"rendered":"https:\/\/consriodejaneiro.esteri.it\/news\/dal_consolato\/2021\/09\/2-r2b-italia-rio-webinar-gratuito\/"},"modified":"2021-09-02T21:05:06","modified_gmt":"2021-09-02T19:05:06","slug":"2-r2b-italia-rio-webinar-gratuito","status":"publish","type":"post","link":"https:\/\/consriodejaneiro.esteri.it\/it\/news\/dal_consolato\/2021\/09\/2-r2b-italia-rio-webinar-gratuito\/","title":{"rendered":"2\u00ba R2B IT\u00c1LIA-RIO: WEBINAR GRATUITO DEBATE PROJETOS DE CIDADES DO FUTURO NO BRASIL COM APOIO CIENT\u00cdFICO, T\u00c9CNICO E OPERACIONAL DA IT\u00c1LIA"},"content":{"rendered":"<\/p>\n<p style=\"text-align: center;\"><strong>2\u00ba R2B IT\u00c1LIA-RIO: WEBINAR GRATUITO DEBATE PROJETOS DE CIDADES DO FUTURO NO BRASIL <\/strong><\/p>\n<p style=\"text-align: center;\"><strong>COM <\/strong><strong>APOIO CIENT\u00cdFICO, T\u00c9CNICO E OPERACIONAL DA IT\u00c1LIA<\/strong><\/p>\n<p style=\"text-align: center;\">Evento promovido pela Embaixada italiana e pelo Consulado-Geral da It\u00e1lia no Rio chega \u00e0 segunda edi\u00e7\u00e3o.<\/p>\n<p style=\"text-align: center;\">\u00a0<\/p>\n<p style=\"text-align: justify;\">O Consulado Geral da It\u00e1lia no Rio de Janeiro e a Embaixada da It\u00e1lia no Brasil promovem, nos dias 8 e 9 de setembro, o <strong>II Encontro Research to Business (R2B) It\u00e1lia-Rio de Janeiro <\/strong>para debater o desenvolvimento de projetos de Cidades do Futuro no Brasil.<br \/>Organizado pela FGV Europe, o evento \u00e9 gratuito e ser\u00e1 transmitido pela internet.<\/p>\n<p>Durante os dois dias do encontro, <strong>autoridades pol\u00edticas, cientistas e empres\u00e1rios dos dois pa\u00edses<\/strong> \u2013 It\u00e1lia e Brasil \u2013 ir\u00e3o debater as demandas e necessidades para o desenvolvimento urbano sustent\u00e1vel das cidades, tendo a capital fluminense no centro das discuss\u00f5es.<\/p>\n<p>O paradigma da Cidade Inteligente Sustent\u00e1vel ser\u00e1 o fio condutor dos debates, pois se apresenta como proposta concreta de <strong>solu\u00e7\u00f5es inovadoras a partir da coopera\u00e7\u00e3o entre o setor p\u00fablico, privado e a sociedade civil<\/strong>, conforme previsto nos Objetivos<br \/>de Desenvolvimento Sustent\u00e1vel (ODS) da Agenda 2030 das Na\u00e7\u00f5es Unidas.<\/p>\n<p>A <a href=\"resource\/doc\/2021\/09\/cidades_do_futuro_release_r2b-rv_set21.pdf\"><strong>programa\u00e7\u00e3o do evento<\/strong><\/a> vai das 10h \u00e0s 12h na quarta-feira, dia 8, e das 10h \u00e0s 11h15 na quinta-feira, dia 9. <strong>Os interessados<\/strong><br \/><strong>em participar do encontro t\u00eam at\u00e9 o dia 8 de setembro para fazer a inscri\u00e7\u00e3o<\/strong>, que \u00e9 gratuita, por meio do site <a href=\"https:\/\/evento.fgv.br\/encontror2b2021\/\">https:\/\/evento.fgv.br\/encontror2b2021\/<\/a>.<\/p>\n<p>\u00a0<\/p>\n<p>\u00a0<\/p>\n<p>\u00a0<\/p><\/p>\n","protected":false},"excerpt":{"rendered":"2\u00ba R2B IT\u00c1LIA-RIO: WEBINAR GRATUITO DEBATE PROJETOS DE CIDADES DO FUTURO NO BRASIL COM APOIO CIENT\u00cdFICO, T\u00c9CNICO E OPERACIONAL DA IT\u00c1LIA Evento promovido pela Embaixada italiana e pelo Consulado-Geral da It\u00e1lia no Rio chega \u00e0 segunda edi\u00e7\u00e3o. \u00a0 O Consulado Geral da It\u00e1lia no Rio de Janeiro e a Embaixada da It\u00e1lia no Brasil promovem, [&hellip;]","protected":false},"author":1,"featured_media":0,"comment_status":"","ping_status":"","sticky":false,"template":"","format":"standard","meta":{"footnotes":""},"tags":[],"class_list":["post-836","post","type-post","status-publish","format-standard","hentry"],"_links":{"self":[{"href":"https:\/\/consriodejaneiro.esteri.it\/it\/wp-json\/wp\/v2\/posts\/836","targetHints":{"allow":["GET"]}}],"collection":[{"href":"https:\/\/consriodejaneiro.esteri.it\/it\/wp-json\/wp\/v2\/posts"}],"about":[{"href":"https:\/\/consriodejaneiro.esteri.it\/it\/wp-json\/wp\/v2\/types\/post"}],"author":[{"embeddable":true,"href":"https:\/\/consriodejaneiro.esteri.it\/it\/wp-json\/wp\/v2\/users\/1"}],"replies":[{"embeddable":true,"href":"https:\/\/consriodejaneiro.esteri.it\/it\/wp-json\/wp\/v2\/comments?post=836"}],"version-history":[{"count":0,"href":"https:\/\/consriodejaneiro.esteri.it\/it\/wp-json\/wp\/v2\/posts\/836\/revisions"}],"wp:attachment":[{"href":"https:\/\/consriodejaneiro.esteri.it\/it\/wp-json\/wp\/v2\/media?parent=836"}],"wp:term":[{"taxonomy":"post_tag","embeddable":true,"href":"https:\/\/consriodejaneiro.esteri.it\/it\/wp-json\/wp\/v2\/tags?post=836"}],"curies":[{"name":"wp","href":"https:\/\/api.w.org\/{rel}","templated":true}]}}