{"id":864,"date":"2020-09-08T20:55:48","date_gmt":"2020-09-08T18:55:48","guid":{"rendered":"https:\/\/consriodejaneiro.esteri.it\/news\/dal_consolato\/2020\/09\/emergenza-covid-19-coronavirus_0\/"},"modified":"2020-09-08T20:55:48","modified_gmt":"2020-09-08T18:55:48","slug":"emergenza-covid-19-coronavirus_0","status":"publish","type":"post","link":"https:\/\/consriodejaneiro.esteri.it\/it\/news\/dal_consolato\/2020\/09\/emergenza-covid-19-coronavirus_0\/","title":{"rendered":"EMERGENZA COVID-19 (CORONAVIRUS): INFORMAZIONI DISPONIBILI"},"content":{"rendered":"<p>COMPAGNIE AEREE OPERATIVE<\/p>\n<p>Si segnala che, seppur limitati nella frequenza, risultano al momento operativi i voli di<\/p>\n<p>Air France (da Rio de Janeiro e San Paolo a Parigi)<\/p>\n<p>Lufthansa (da San Paolo a Francoforte)<\/p>\n<p>KLM (da Rio de Janeiro e San Paolo ad Amsterdam)<\/p>\n<p>TAP (da Rio de Janeiro, San Paolo, Recife, Fortaleza, Brasilia e Belo Horizonte a Lisbona)<\/p>\n<p>AZUL (da Viracopos-SP a Lisbona)<\/p>\n<p>IB\u00c9RIA (per Madrid)<\/p>\n<p>AIR EUROPA (da San Paolo a Madrid)<\/p>\n<p>BRITISH AIRWAYS (per Londra)<\/p>\n<p>SWISS AIRWAYS Airways (da San Paolo a Zurigo)<\/p>\n<p>LATAM (da San Paolo a Francoforte, Madrid e Londra)<\/p>\n<p>Si invitano gli interessati ad entrare in contatto con le compagnie aeree sopra citate per eventuali richieste di informazioni e per prenotazioni.<\/p>\n<p>I voli interni per raggiungere San Paolo e Rio de Janeiro sono limitati ma ancora operativi, soprattutto dalle capitali statuali. Si riporta un riepilogo pubblicato dall\u2019Autorit\u00e0 brasiliana per l\u2019aviazione civile con la cosiddetta \u201cmaglia aerea garantita\u201d (collegamenti aerei garantiti nel Paese dalle principali compagnie aeree domestiche: Latam, Azul e Gol): <a href=\"https:\/\/www.anac.gov.br\/noticias\/2020\/malha-aerea-essencial-comeca-no-sabado-28\">https:\/\/www.anac.gov.br\/noticias\/2020\/malha-aerea-essencial-comeca-no-sabado-28<\/a><\/p>\n<p>La compagnia aerea GOL ha messo a disposizione la seguente pagina informativa sui voli operati:<a href=\"https:\/\/www.voegol.com.br\/pt\/informacoes\/voos-gol\"> https:\/\/www.voegol.com.br\/pt\/informacoes\/voos-gol<\/a><\/p>\n<p>Maggiori informazioni sono disponibili alla pagina: <a href=\"https:\/\/ambbrasilia.esteri.it\/ambasciata_brasilia\/it\/ambasciata\/news\/dall-ambasciata\/2020\/07\/covid-19-avvisi-delle-compagnie_0.html\">https:\/\/ambbrasilia.esteri.it\/ambasciata_brasilia\/it\/ambasciata\/news\/dall-ambasciata\/2020\/07\/covid-19-avvisi-delle-compagnie_0.html<\/a><\/p>\n<p>Si ricorda che sono vietati l\u2019ingresso e il transito in Italia alle persone che, nei 14 giorni antecedenti, hanno soggiornato o sono transitate per uno dei seguenti Paesi: Armenia, Bahrein, Bangladesh, Bosnia Erzegovina, Brasile, Cile, Colombia, Kosovo, Kuwait, Macedonia del nord, Moldova, Montenegro, Oman, Panama, Per\u00f9, Repubblica dominicana, Serbia. L\u2019unica eccezione al divieto \u00e8 ammessa solo per cittadini italiani, di uno Stato UE, di un paese parte dell\u2019accordo di Schengen, del Regno Unito, di Andorra, del Principato di Monaco, della Repubblica di San Marino o dello Stato della Citt\u00e0 del Vaticano e per i loro stretti familiari (discendenti e ascendenti conviventi, coniuge, parte di unione civile, partner stabile), a condizione che siano residenti anagraficamente in Italia da data anteriore al:<\/p>\n<p>9 luglio 2020 &#8211; nel caso di Armenia, Bahrein, Bangladesh, Bosnia Erzegovina, Brasile, Cile, Kuwait, Macedonia del nord, Moldova, Oman, Panama, Per\u00f9, Repubblica dominicana;<\/p>\n<p>16 luglio 2020 &#8211; nel caso di Kosovo, Montenegro e Serbia;<\/p>\n<p>13 agosto 2020 &#8211; nel caso della Colombia.<\/p>\n<p>Chiunque entra in Italia da qualsiasi localit\u00e0 estera \u00e8 tenuto a consegnare al vettore o alle forze di polizia in caso di controlli una autodichiarazione secondo il modello scaricabile da questo sito (LINK)<\/p>\n<p>Con il Dpcm del 7 settembre 2020 le misure precauzionali sono state prorogate fino al 7 ottobre2020.<\/p>\n<p>Per maggiori informazioni sulla normativa che disciplina gli spostamenti da e per l\u2019estero dal 9 luglio, si prega di leggere attentamente le domande frequenti (FAQ) disponibili sul sito del Ministero degli Affari Esteri e della Cooperazione Internazionale: <a href=\"https:\/\/www.esteri.it\/mae\/it\/ministero\/normativaonline\/decreto-iorestoacasa-domande-frequenti\/focus-cittadini-italiani-in-rientro-dall-estero-e-cittadini-stranieri-in-italia.html\">https:\/\/www.esteri.it\/mae\/it\/ministero\/normativaonline\/decreto-iorestoacasa-domande-frequenti\/focus-cittadini-italiani-in-rientro-dall-estero-e-cittadini-stranieri-in-italia.html<\/a><\/p>\n<p>INFORMAZIONI SULLE MISURE PER LA PROTEZIONE DAL RISCHIO DI CONTAGIO<\/p>\n<p>Con riferimento alle misure per la protezione dal rischio di contagio da Coronavirus COVID-2019, si consiglia di prendere visione delle informazioni disponibili, con particolare riferimento alle indicazioni e ai comportamenti da seguire, sui seguenti siti istituzionali:<\/p>\n<p>Governo Italiano &#8211; Presidenza del Consiglio dei Ministri: <a href=\"http:\/\/www.governo.it\/it\/approfondimento\/coronavirus\/13968\">http:\/\/www.governo.it\/it\/approfondimento\/coronavirus\/13968<\/a><\/p>\n<p>Ministero della Salute italiano: <a href=\"http:\/\/www.salute.gov.it\/nuovocoronavirus\">http:\/\/www.salute.gov.it\/nuovocoronavirus<\/a><\/p>\n<p>Istituto Superiore di Sanit\u00e0 italiano: <a href=\"https:\/\/www.epicentro.iss.it\/coronavirus\/\">https:\/\/www.epicentro.iss.it\/coronavirus\/<\/a><\/p>\n<p>Ministero dell&#8217;Interno italiano: <a href=\"https:\/\/www.interno.gov.it\/it\/speciali\/coronavirus\">https:\/\/www.interno.gov.it\/it\/speciali\/coronavirus<\/a><\/p>\n<p>Dipartimento della Protezione Civile: <a href=\"http:\/\/www.protezionecivile.gov.it\/attivita-rischi\/rischio-sanitario\/emergenze\/coronavirus\">http:\/\/www.protezionecivile.gov.it\/attivita-rischi\/rischio-sanitario\/emergenze\/coronavirus<\/a><\/p>\n<p>Viaggiare Sicuri \u2013 Ministero degli Affari Esteri e della Cooperazione Internazionale: <a href=\"http:\/\/www.viaggiaresicuri.it\/documenti\/FOCUS%20CORONAVIRUS.pdf\">http:\/\/www.viaggiaresicuri.it\/documenti\/FOCUS%20CORONAVIRUS.pdf<\/a><\/p>\n<p>Viaggiare Sicuri \u2013 Brasile: <a href=\"http:\/\/www.viaggiaresicuri.it\/country\/BRA\">http:\/\/www.viaggiaresicuri.it\/country\/BRA<\/a><\/p>\n<p>Ministero della Salute brasiliano: <a href=\"https:\/\/saude.gov.br\/\">https:\/\/saude.gov.br\/<\/a><\/p>\n<p>Organizzazione Mondiale della Sanit\u00e0: <a href=\"https:\/\/www.who.int\/fr\/emergencies\/diseases\/novel-coronavirus-2019\">https:\/\/www.who.int\/fr\/emergencies\/diseases\/novel-coronavirus-2019<\/a><\/p>\n<p>Commissione Europea: https:\/\/ec.europa.eu\/commission\/presscorner\/detail\/en\/qanda_20_307<\/p>\n<p>Il Ministero della Salute brasiliano ha lanciato l\u2019applicativo Coronav\u00edrus \u2013 SUS per facilitare le azioni di informazione e prevenzione relative al nuovo coronavirus. Il programma \u00e8 disponibile per cellulari con sistema Android o IOs.<\/p>\n<p>Per informazioni sui provvedimenti assunti dalle Autorit\u00e0 brasiliane per contrastare la pandemia, si prega di visitare il sito https:\/\/coronavirus.saude.gov.br\/<\/p>\n<p>Per informazioni sui provvedimenti assunti dalle Autorit\u00e0 surinamesi per contrastare la pandemia, si prega di visitare il sito https:\/\/covid-19.sr\/actueel\/<\/p>\n<p>Per informazioni relative alle modalit\u00e0 percorribili per il rientro in Italia, si prega di prendere visione dell\u2019avviso disponibile alla pagina https:\/\/ambbrasilia.esteri.it\/ambasciata_brasilia\/it\/ambasciata\/news\/dall-ambasciata\/2020\/07\/covid-19-avvisi-delle-compagnie_0.html<\/p>\n<p>Per informazioni relative a cittadini italiani in rientro dall\u2019estero e cittadini stranieri in Italia, si prega di visitare il sito: https:\/\/www.esteri.it\/mae\/it\/ministero\/normativaonline\/decreto-iorestoacasa-domande-frequenti\/focus-cittadini-italiani-in-rientro-dall-estero-e-cittadini-stranieri-in-italia.html?fbclid=IwAR1qSVGHjTkteA0gVNKW_-fwoY8SW4Q08cX3L9SnBT77VoWjZOR_K8gjesQ<\/p>\n<p>Per informazioni sui i principali provvedimenti adottati dall\u2019Italia, con specifico riguardo alle misure per chi rientra dall\u2019estero, si prega di visitare il sito https:\/\/www.esteri.it\/mae\/it\/sala_stampa\/archivionotizie\/approfondimenti\/2020\/02\/farnesina-al-lavoro-per-una-corretta-informazione-all-estero.html<\/p>\n<p>Ulteriori informazioni e avvisi sono disponibili, in italiano e portoghese, sul nostro sito alla sezione Sala stampa. Si prega di prendere attenta visione delle informazioni ivi pubblicate.<\/p>\n<p>Se sei un cittadino italiano che si trova nella circoscrizione consolare di competenza diretta dell\u2019Ambasciata d\u2019Italia a Brasilia (Distretto Federale, Goi\u00e1s, Tocantins, Amazonas, Roraima, Amap\u00e1, Par\u00e1 e Stato del Suriname) e ti trovi in stato di necessit\u00e0 non esitare a contattarci:<\/p>\n<p>negli orari di servizio (luned\u00ec \u2013 venerd\u00ec, h 9.00 \u2013 16.00 ora locale) telefonando ai numeri +55 21 35341315 o scrivendoci all\u2019indirizzo di posta elettronica: segreteria.riodejaneiro@esteri.it;al di fuori degli orari di servizio, telefonando al cellulare di emergenza +55 21 98119 5631.<\/p>\n<p>Se ti trovi in una differente area del Brasile, individua tramite il seguente link l\u2019Ufficio consolare competente.<\/p>\n","protected":false},"excerpt":{"rendered":"COMPAGNIE AEREE OPERATIVE Si segnala che, seppur limitati nella frequenza, risultano al momento operativi i voli di Air France (da Rio de Janeiro e San Paolo a Parigi) Lufthansa (da San Paolo a Francoforte) KLM (da Rio de Janeiro e San Paolo ad Amsterdam) TAP (da Rio de Janeiro, San Paolo, Recife, Fortaleza, Brasilia e [&hellip;]","protected":false},"author":1,"featured_media":0,"comment_status":"","ping_status":"","sticky":false,"template":"","format":"standard","meta":{"footnotes":""},"tags":[],"class_list":["post-864","post","type-post","status-publish","format-standard","hentry"],"_links":{"self":[{"href":"https:\/\/consriodejaneiro.esteri.it\/it\/wp-json\/wp\/v2\/posts\/864","targetHints":{"allow":["GET"]}}],"collection":[{"href":"https:\/\/consriodejaneiro.esteri.it\/it\/wp-json\/wp\/v2\/posts"}],"about":[{"href":"https:\/\/consriodejaneiro.esteri.it\/it\/wp-json\/wp\/v2\/types\/post"}],"author":[{"embeddable":true,"href":"https:\/\/consriodejaneiro.esteri.it\/it\/wp-json\/wp\/v2\/users\/1"}],"replies":[{"embeddable":true,"href":"https:\/\/consriodejaneiro.esteri.it\/it\/wp-json\/wp\/v2\/comments?post=864"}],"version-history":[{"count":0,"href":"https:\/\/consriodejaneiro.esteri.it\/it\/wp-json\/wp\/v2\/posts\/864\/revisions"}],"wp:attachment":[{"href":"https:\/\/consriodejaneiro.esteri.it\/it\/wp-json\/wp\/v2\/media?parent=864"}],"wp:term":[{"taxonomy":"post_tag","embeddable":true,"href":"https:\/\/consriodejaneiro.esteri.it\/it\/wp-json\/wp\/v2\/tags?post=864"}],"curies":[{"name":"wp","href":"https:\/\/api.w.org\/{rel}","templated":true}]}}