{"id":872,"date":"2020-05-29T18:54:44","date_gmt":"2020-05-29T16:54:44","guid":{"rendered":"https:\/\/consriodejaneiro.esteri.it\/news\/dal_consolato\/2020\/05\/messaggio-dell-ambasciatore-francesco_0\/"},"modified":"2020-05-29T18:54:44","modified_gmt":"2020-05-29T16:54:44","slug":"messaggio-dell-ambasciatore-francesco_0","status":"publish","type":"post","link":"https:\/\/consriodejaneiro.esteri.it\/it\/news\/dal_consolato\/2020\/05\/messaggio-dell-ambasciatore-francesco_0\/","title":{"rendered":"Messaggio dell\u2019Ambasciatore Francesco Azzarello ai connazionali in occasione della Festa della Repubblica italiana"},"content":{"rendered":"<p>Gentili Connazionali,<\/p>\n<p>\u00e8 per me un grande piacere rivolgere a Voi tutti un saluto in occasione della Festa della Repubblica italiana. Il 2 giugno \u00e8 la Festa di tutti gli Italiani, \u00e8 il simbolo del ritrovamento della libert\u00e0 e della democrazia da parte del nostro popolo.<\/p>\n<p>Il momento particolarmente complesso che stiamo vivendo a causa della pandemia ci impedisce di festeggiare come avremmo voluto. Ma non ci impedisce di ricordare quei valori che 74 anni fa guidarono gli Italiani nella ricostruzione del Paese, e che ancora oggi guidano l\u2019Italia nel contesto multilaterale. Valori che ritroviamo anche nel legame profondo tra due popoli, quello italiano e brasiliano, che sono amici fraterni, indissolubilmente legati da antenati comuni, e che oggi vogliamo ricordare.<\/p>\n<p>Oggi si parla indicativamente, e forse per difetto, di una Comunit\u00e0 italo-brasiliana di circa 30 milioni di persone, la pi\u00f9 grande del mondo. I suoi componenti sono sparsi ovunque in Brasile, anche nelle zone pi\u00f9 remote, e sono classe dirigente del Paese, spina dorsale del settore produttivo, conoscitori della lingua italiana, estimatori della nostra cultura. Una cultura, nel senso pi\u00f9 ampio che possiamo attribuire al termine, oramai parte integrante di quella brasiliana. Una inestimabile ricchezza comune, presente in tutti i campi ed a tutti i livelli.<\/p>\n<p>L\u2019Italia vuole continuare ad essere presente in Brasile, anche grazie all\u2019azione di chi, come Voi, ha deciso di vivere e lavorare qui realizzando le proprie ambizioni professionali e personali. Voi siete testimoni dell\u2019eccellenza italiana, della sua creativit\u00e0 e bellezza, dell\u2019enorme contributo che gli Emigranti italiani hanno dato alla crescita di un Paese, il Brasile, altrettanto ricco e di straordinaria bellezza, insieme al suo popolo.<\/p>\n<p>Anche grazie al vostro fondamentale sostegno, la Rete diplomatico-consolare italiana continuer\u00e0 a lavorare per promuovere l\u2019amicizia plurisecolare che lega Brasile ed Italia in ogni campo, con grande dinamismo e rispetto reciproco.<\/p>\n<p>Buona festa della Repubblica a tutte le Italiane e gli Italiani in Brasile!<\/p>\n","protected":false},"excerpt":{"rendered":"Gentili Connazionali, \u00e8 per me un grande piacere rivolgere a Voi tutti un saluto in occasione della Festa della Repubblica italiana. Il 2 giugno \u00e8 la Festa di tutti gli Italiani, \u00e8 il simbolo del ritrovamento della libert\u00e0 e della democrazia da parte del nostro popolo. Il momento particolarmente complesso che stiamo vivendo a causa [&hellip;]","protected":false},"author":1,"featured_media":0,"comment_status":"","ping_status":"","sticky":false,"template":"","format":"standard","meta":{"footnotes":""},"tags":[],"class_list":["post-872","post","type-post","status-publish","format-standard","hentry"],"_links":{"self":[{"href":"https:\/\/consriodejaneiro.esteri.it\/it\/wp-json\/wp\/v2\/posts\/872","targetHints":{"allow":["GET"]}}],"collection":[{"href":"https:\/\/consriodejaneiro.esteri.it\/it\/wp-json\/wp\/v2\/posts"}],"about":[{"href":"https:\/\/consriodejaneiro.esteri.it\/it\/wp-json\/wp\/v2\/types\/post"}],"author":[{"embeddable":true,"href":"https:\/\/consriodejaneiro.esteri.it\/it\/wp-json\/wp\/v2\/users\/1"}],"replies":[{"embeddable":true,"href":"https:\/\/consriodejaneiro.esteri.it\/it\/wp-json\/wp\/v2\/comments?post=872"}],"version-history":[{"count":0,"href":"https:\/\/consriodejaneiro.esteri.it\/it\/wp-json\/wp\/v2\/posts\/872\/revisions"}],"wp:attachment":[{"href":"https:\/\/consriodejaneiro.esteri.it\/it\/wp-json\/wp\/v2\/media?parent=872"}],"wp:term":[{"taxonomy":"post_tag","embeddable":true,"href":"https:\/\/consriodejaneiro.esteri.it\/it\/wp-json\/wp\/v2\/tags?post=872"}],"curies":[{"name":"wp","href":"https:\/\/api.w.org\/{rel}","templated":true}]}}