{"id":877,"date":"2020-05-12T18:53:43","date_gmt":"2020-05-12T16:53:43","guid":{"rendered":"https:\/\/consriodejaneiro.esteri.it\/news\/dal_consolato\/2020\/05\/informazioni-aggiornate-al-12-maggio\/"},"modified":"2020-05-12T18:53:43","modified_gmt":"2020-05-12T16:53:43","slug":"informazioni-aggiornate-al-12-maggio","status":"publish","type":"post","link":"https:\/\/consriodejaneiro.esteri.it\/it\/news\/dal_consolato\/2020\/05\/informazioni-aggiornate-al-12-maggio\/","title":{"rendered":"COVID-19: AVVISI DELLE COMPAGNIE AEREE. INFORMAZIONI AGGIORNATE AL 27 LUGLIO 2020."},"content":{"rendered":"<p>Nelle more del rientro in Italia, si prega di registrare la propria presenza all\u2019estero ed i propri spostamenti tramite il portale \u201c<strong>Dove siamo nel mondo<\/strong>\u201d: <a href=\"https:\/\/www.dovesiamonelmondo.it\/home.html\">https:\/\/www.dovesiamonelmondo.it\/home.html<\/a><\/p>\n<p>Vista la particolare emergenza coronavirus, come da indicazioni riportate sul portale <a href=\"http:\/\/www.viaggiaresicuri.it\/country\/BRA\">http:\/\/www.viaggiaresicuri.it\/country\/BRA<\/a> , ricordiamo che per i connazionali che si trovano in territorio brasiliano <strong>\u00e8 fortemente raccomandata la stipula di un\u2019apposita polizza assicurativa<\/strong> che preveda la copertura delle spese mediche e l\u2019eventuale rimpatrio aereo sanitario.<\/p>\n<p>Si segnala che, seppur limitati nella frequenza, <strong>risultano al momento operativi i voli di<\/strong><\/p>\n<p><strong>Si segnala che, seppur limitati nella frequenza, risultano al momento operativi i voli di<\/strong><\/p>\n<ul>\n<li>Air France (da Rio de Janeiro e San Paolo a Parigi)<\/li>\n<li>Lufthansa (da Rio de Janeiro e San Paolo a Francoforte)<\/li>\n<li>KLM (da Rio de Janeiro e San Paolo ad Amsterdam)<\/li>\n<li>TAP (da Rio de Janeiro e San Paolo a Lisbona).<\/li>\n<\/ul>\n<p><strong>\u00a0<\/strong><\/p>\n<p>Si invitano gli interessati ad entrare in contatto con le compagnie aeree sopra citate per eventuali richieste di informazioni e per prenotazioni.<\/p>\n<p>I <strong>voli interni per raggiungere San Paolo e Rio de Janeiro sono limitati ma ancora operativi<\/strong>, soprattutto dalle capitali statuali. Si riporta un riepilogo pubblicato dall\u2019Autorit\u00e0 brasiliana per l\u2019aviazione civile con la cosiddetta \u201c<strong>maglia aerea garantita<\/strong>\u201d (collegamenti aerei garantiti nel Paese dalle principali compagnie aeree domestiche: Latam, Azul e Gol): <a href=\"https:\/\/www.anac.gov.br\/noticias\/2020\/malha-aerea-essencial-comeca-no-sabado-28\">https:\/\/www.anac.gov.br\/noticias\/2020\/malha-aerea-essencial-comeca-no-sabado-28<\/a><\/p>\n<p>La compagnia aerea <strong>GOL<\/strong> ha messo a disposizione la seguente <strong>pagina informativa<\/strong> sui voli operati a partire dal 28 marzo: <a href=\"https:\/\/www.voegol.com.br\/pt\/informacoes\/voos-gol\">https:\/\/www.voegol.com.br\/pt\/informacoes\/voos-gol<\/a><\/p>\n<p>Si ricorda che dal 9 al 31 luglio <strong>\u00e8 vietato l\u2019ingresso in Italia<\/strong> alle persone che, nei 14 giorni antecedenti, hanno soggiornato o sono transitate per uno dei seguenti Paesi: Armenia, Bahrein, Bangladesh, Bosnia Erzegovina, <strong>Brasile<\/strong>, Cile, Kosovo, Kuwait, Macedonia del nord, Moldova, Montenegro, Oman, Panama, Per\u00f9, Repubblica dominicana, Serbia (per Kosovo, Montenegro e Serbia il divieto si applica dal 16 luglio, per tutti gli altri Paesi dell\u2019elenco il divieto si applica dal 9 luglio). <span style=\"text-decoration: underline;\"><strong>L\u2019unica eccezione al divieto<\/strong><\/span> \u00e8 ammessa solo per cittadini italiani, di uno Stato UE, di un paese parte dell\u2019accordo di Schengen, del Regno Unito, di Andorra, del Principato di Monaco, della Repubblica di San Marino o dello Stato della Citt\u00e0 del Vaticano e per i loro stretti familiari (discendenti e ascendenti conviventi, coniuge, parte di unione civile, partner stabile), <strong>a condizione che siano residenti anagraficamente in Italia da data anteriore al 9 luglio 2020.<\/strong><\/p>\n<p>Chiunque entra in Italia <strong>da qualsiasi localit\u00e0 estera \u00e8 tenuto a consegnare al vettore o alle forze di polizia in caso di controlli una autodichiarazione secondo il modello scaricabile da questo sito (<a href=\"Si%20ricorda%20che%20dal%209%20al%2014%20luglio%20\u00e8%20vietato%20l\u2019ingresso%20in%20Italia%20alle%20persone%20che,%20nei%2014%20giorni%20antecedenti,%20hanno%20soggiornato%20o%20sono%20transitate%20per%20uno%20dei%20seguenti%20Paesi:%20Armenia,%20Bahrein,%20Bangladesh,%20Brasile,%20Bosnia%20Erzegovina,%20Cile,%20Kuwait,%20Macedonia%20del%20nord,%20Moldova,%20Oman,%20Panama,%20Per\u00f9,%20Repubblica%20dominicana.%20L\u2019unica%20eccezione%20al%20divieto%20\u00e8%20ammessa%20solo%20per%20cittadini%20italiani,%20di%20uno%20Stato%20UE,%20di%20un%20paese%20parte%20dell\u2019accordo%20di%20Schengen,%20del%20Regno%20Unito,%20di%20Andorra,%20del%20Principato%20di%20Monaco,%20della%20Repubblica%20di%20San%20Marino%20o%20dello%20Stato%20della%20Citt\u00e0%20del%20Vaticano%20e%20per%20i%20loro%20stretti%20familiari%20(discendenti%20e%20ascendenti%20conviventi,%20coniuge,%20parte%20di%20unione%20civile,%20partner%20stabile),%20a%20condizione%20che%20siano%20residenti%20anagraficamente%20in%20Italia%20da%20data%20anteriore%20al%209%20luglio%202020.%20%20Chiunque%20entra%20in%20Italia%20da%20qualsiasi%20localit\u00e0%20estera%20\u00e8%20tenuto%20a%20consegnare%20al%20vettore%20o%20alle%20forze%20di%20polizia%20in%20caso%20di%20controlli%20una%20autodichiarazione%20secondo%20il%20modello%20scaricabile%20da%20questo%20sito%20(LINK)%20%20Per%20maggiori%20informazioni%20sulla%20normativa%20che%20disciplina%20gli%20spostamenti%20da%20e%20per%20l\u2019estero%20dal%209%20luglio,%20si%20prega%20di%20leggere%20attentamente%20le%20domande%20frequenti%20(FAQ)%20disponibili%20sul%20sito%20del%20Ministero%20degli%20Affari%20Esteri%20e%20della%20Cooperazione%20Internazionale:%20https:\/www.esteri.it\/mae\/it\/ministero\/normativaonline\/decreto-iorestoacasa-domande-frequenti\/focus-cittadini-italiani-in-rientro-dall-estero-e-cittadini-stranieri-in-italia.html\">LINK<\/a>)<\/strong><\/p>\n<p>Per maggiori informazioni sulla normativa che disciplina gli spostamenti da e per l\u2019estero dal 9 luglio, si prega di leggere attentamente le domande frequenti (FAQ) disponibili sul sito del Ministero degli Affari Esteri e della Cooperazione Internazionale: <a href=\"https:\/\/www.esteri.it\/mae\/it\/ministero\/normativaonline\/decreto-iorestoacasa-domande-frequenti\/focus-cittadini-italiani-in-rientro-dall-estero-e-cittadini-stranieri-in-italia.html\">https:\/\/www.esteri.it\/mae\/it\/ministero\/normativaonline\/decreto-iorestoacasa-domande-frequenti\/focus-cittadini-italiani-in-rientro-dall-estero-e-cittadini-stranieri-in-italia.html<\/a><\/p>\n<p>\u00a0<\/p>\n<p><strong>AVVISO DELLA COMPAGNIA AEREA ALITALIA<\/strong><\/p>\n<p>ATTENZIONE:<\/p>\n<p><strong>ALITALIA ha comunicato la sospensione dei voli riprogrammati dalla compagnia per i mesi di luglio, agosto, settembre ed ottobre. I voli da Rio de Janeiro a Roma e da San Paolo a Roma rimangono sospesi fino a data da definirsi.<\/strong><\/p>\n<p>Tutti i connazionali con prenotazioni nei voli interessati dalle cancellazioni dovranno entrare in contatto con i call center Alitalia per riprenotazioni o rimborsi.<\/p>\n<p>Call center Alitalia:<\/p>\n<p>\u2022 San Paolo: (11) 3958-7959<\/p>\n<p>\u2022 Rio de Janeiro: (21) 3500-8998<\/p>\n<p>Comunichiamo le misure messe in atto da Alitalia in Brasile in vista dell\u2019emergenza Covid-19.<\/p>\n<p>1. Call Center<\/p>\n<p>Al fine di fornire tutte le informazioni necessarie e assistere i nostri clienti nella realizzazione di eventuali modifiche alle prenotazioni, di alterazioni delle date di viaggio o per qualsiasi altra informazione relativa al funzionamento di Alitalia, la compagnia ha attivato il Call Center: dal luned\u00ec al venerd\u00ec dalle 9:00 alle 19:00, e sabato, domenica e festivi dalle 9:00 alle 13:00.<\/p>\n<p>Per chiamare il Call Center:<\/p>\n<p>\u2022 San Paolo: (11) 3958-7959<\/p>\n<p>\u2022 Rio de Janeiro: (21) 3500-8998<\/p>\n<p>A causa dell&#8217;elevato volume di chiamate ricevute al nostro Call Center in Brasile per via dell&#8217;attuale crisi, ALITALIA informa che il servizio potr\u00e0 subire un prolungamento dei tempi di attesa.<\/p>\n<p>Politica di modifica della prenotazione<\/p>\n<p>ALITALIA ha reso disponibili informazioni dettagliate circa le modifiche di prenotazioni attraverso tutti i canali di servizio e sul sito web<\/p>\n<p>In base all&#8217;ultima versione della Politica ALITALIA, ad oggi, 13 marzo 2020, le condizioni sono:<\/p>\n<p>Alitalia consente di modificare completamente le date del viaggio senza costi aggiuntivi per i biglietti aerei Alitalia che hanno date di emissione dal 23 febbraio al 3 aprile 2020;Le date di viaggio dell&#8217;emissione originale dei biglietti possono essere fino al 31 maggio 2020;Le nuove date di viaggio che i nostri clienti possono scegliere possono essere fino al 31 dicembre 2020;Per i clienti che desiderano annullare il viaggio, Alitalia offre un buono per il valore del biglietto aereo acquistato, da utilizzare nell\u2019acquisto di un altro biglietto aereo per qualsiasi destinazione operata da Alitalia con validit\u00e0 di 12 mesi dall&#8217;emissione del buono. In base alle tratte scelte per l\u2019utilizzo del buono, potrebbero verificarsi differenze tariffarie.Le modifiche alle date possono essere richieste tramite il nostro Call Center o tramite agenzia di viaggio, nel caso in cui il biglietto aereo sia stato acquistato tramite questo canale di vendita;I clienti il cui volo Alitalia sia stato cancellato riceveranno un buono per il valore del biglietto originale. Questo buono avr\u00e0 validit\u00e0 di 1 anno a partire dalla data di emissione e potr\u00e0 essere utilizzato per l\u2019acquisto di un altro biglietto Alitalia per qualsiasi destinazione operata dalla compagnia, con il pagamento di eventuali differenze tariffarie;In caso di voli cancellati, qualora il cliente non sia interessato al buono, offriamo anche la possibilit\u00e0 di rimborso totale o residuale del biglietto per la parte del viaggio non realizzata.Il buono da utilizzare per futuri acquisti di biglietti aerei pu\u00f2 essere emesso solo tramite Call Center Alitalia;Le nostre politiche per la modifica di prenotazioni e la cancellazione dei voli sono pienamente conformi alla Risoluzione ANAC 400 (Ag\u00eancia Nacional de Avia\u00e7\u00e3o Civil) e al Codice Brasiliano per la Tutela Dei Consumatori (C\u00f3digo Brasileiro de Defesa do Consumidor).<\/p>\n<p>Le informazioni di cui sopra potrebbero subire alterazioni a causa dell&#8217;evoluzione degli eventi relativi all&#8217;attuale pandemia di Covid-19 e dei suoi effetti sul trasporto aereo globale. A tal fine Alitalia mette a disposizione un QR code per accedere alle politiche aziendali aggiornate in tempo reale. \u00c8 possibile accedere alle informazioni tramite il QR code:<\/p>\n<p><strong>AVVISO DELLA COMPAGNIA AEREA AIR EUROPA<\/strong><\/p>\n<p>La compagnia aerea AIR EUROPA informa che le sue operazioni tra gli aeroporti spagnoli e italiani sono sospese dall&#8217;11 al 25 marzo 2020.<\/p>\n<p>Per maggiori informazioni sulle misure adottate dalla compagnia e sull\u2019assistenza ai passeggeri nelle loro prenotazioni <a href=\"https:\/\/business.facebook.com\/notes\/air-europa\/altera%C3%A7%C3%B5es-operacionais-nos-nossos-voos\/3236037009818286\/\">CLICCA QUI<\/a><\/p>\n<p><strong>SURINAM AIRWAYS E CARRIBEAN AIRLINES<\/strong><\/p>\n<p>Il 13 marzo u.s., il Governo del Suriname ha annunciato il primo caso confermato di COVID-19 in Suriname e la decisione di chiudere tutti i punti di ingresso nel Paese a partire dal 14 marzo, compresi aeroporti, valichi di frontiera e frontiere terrestri. Il divieto di arrivi e partenze dal Suriname sar\u00e0 provvisoriamente valido per 30 giorni.<\/p>\n<p>Il Governo del Suriname ha annunciato che le compagnie aeree commerciali saranno autorizzate a far volare i non residenti del Suriname dal 15 marzo al 22 marzo, per consentirne il ritorno.<\/p>\n<p>Surinam Airways ha annunciato che a partire dal 16 marzo 2020 Surinam Airways effettuer\u00e0 voli per trasportare tutti i passeggeri di ritorno dal Suriname verso le proprie destinazioni regionali e del Medio Atlantico. Per ulteriori informazioni si prega di visitare il sito web di Surinam Airways: https:\/\/www.flyslm.com\/en\/announcement-covid-19\/<\/p>\n<p>I passeggeri in possesso di un biglietto per voli della Caribbean Airlines in queste date sono invitati a contattare gli uffici della compagnia per una verifica della propria prenotazione. Per ulteriori informazioni si prega di visitare il sito web di Carribean Airlines: https:\/\/www.caribbean-airlines.com\/#\/caribbean-experience\/media-releases\/259<\/p>\n<p>Per ulteriori informazioni, si prega di visitare il sito web Viaggiare Sicuri del Ministero degli Affari Esteri e della Cooperazione<br \/>Internazionale: http:\/\/www.viaggiaresicuri.it\/country\/SUR<\/p>\n<p>\u00a0<\/p>\n","protected":false},"excerpt":{"rendered":"Nelle more del rientro in Italia, si prega di registrare la propria presenza all\u2019estero ed i propri spostamenti tramite il portale \u201cDove siamo nel mondo\u201d: https:\/\/www.dovesiamonelmondo.it\/home.html Vista la particolare emergenza coronavirus, come da indicazioni riportate sul portale http:\/\/www.viaggiaresicuri.it\/country\/BRA , ricordiamo che per i connazionali che si trovano in territorio brasiliano \u00e8 fortemente raccomandata la stipula [&hellip;]","protected":false},"author":1,"featured_media":0,"comment_status":"","ping_status":"","sticky":false,"template":"","format":"standard","meta":{"footnotes":""},"tags":[],"class_list":["post-877","post","type-post","status-publish","format-standard","hentry"],"_links":{"self":[{"href":"https:\/\/consriodejaneiro.esteri.it\/it\/wp-json\/wp\/v2\/posts\/877","targetHints":{"allow":["GET"]}}],"collection":[{"href":"https:\/\/consriodejaneiro.esteri.it\/it\/wp-json\/wp\/v2\/posts"}],"about":[{"href":"https:\/\/consriodejaneiro.esteri.it\/it\/wp-json\/wp\/v2\/types\/post"}],"author":[{"embeddable":true,"href":"https:\/\/consriodejaneiro.esteri.it\/it\/wp-json\/wp\/v2\/users\/1"}],"replies":[{"embeddable":true,"href":"https:\/\/consriodejaneiro.esteri.it\/it\/wp-json\/wp\/v2\/comments?post=877"}],"version-history":[{"count":0,"href":"https:\/\/consriodejaneiro.esteri.it\/it\/wp-json\/wp\/v2\/posts\/877\/revisions"}],"wp:attachment":[{"href":"https:\/\/consriodejaneiro.esteri.it\/it\/wp-json\/wp\/v2\/media?parent=877"}],"wp:term":[{"taxonomy":"post_tag","embeddable":true,"href":"https:\/\/consriodejaneiro.esteri.it\/it\/wp-json\/wp\/v2\/tags?post=877"}],"curies":[{"name":"wp","href":"https:\/\/api.w.org\/{rel}","templated":true}]}}