{"id":903,"date":"2019-05-08T19:02:40","date_gmt":"2019-05-08T17:02:40","guid":{"rendered":"https:\/\/consriodejaneiro.esteri.it\/news\/dal_consolato\/2019\/05\/avviso-per-manifestazione-di-interesse\/"},"modified":"2019-05-08T19:02:40","modified_gmt":"2019-05-08T17:02:40","slug":"avviso-per-manifestazione-di-interesse","status":"publish","type":"post","link":"https:\/\/consriodejaneiro.esteri.it\/it\/news\/dal_consolato\/2019\/05\/avviso-per-manifestazione-di-interesse\/","title":{"rendered":"AVVISO PER MANIFESTAZIONE DI INTERESSE RIVOLTO AD ENTI\/ASSOCIAZIONI NO PROFIT CHE INTENDANO COSTITUIRSI COME ENTI GESTORI DI ATTIVIT\u00c0 DI ASSISTENZA SCOLASTICA FINALIZZATE ALLA DIFFUSIONE E PROMOZIONE DELLA LINGUA ITALIANA."},"content":{"rendered":"<p>Si rende noto che, nel rispetto dei requisiti previsti dalla normativa italiana vigente in materia e, in particolare della Circolare 13\/2003, saranno valutate le richieste di Enti\/Associazioni senza fini di lucro, costituiti in base al diritto locale &#8211; che presentino proposte convincenti in termini di efficacia ed efficienza di intervento nella realizzazione di iniziative di diffusione della lingua e cultura italiana, di cui al D.Lgs 64\/2017, rivolte ad utenti in et\u00e0 scolare, integrate al curricolo scolastico, extracurricolari o presso le proprie sedi &#8211; che intendano beneficiare dei contributi specifici previsti a valere sul cap. 3153 del Bilancio del Ministero degli Affari Esteri e della Cooperazione Internazionale, afferenti alle circoscrizioni di competenza di questa Ambasciata: Distrito Federal, Goi\u00e1s, Tocantins, Amazonas, Roraima, Amap\u00e1 e Par\u00e1 e Suriname.<\/p>\n<p>Le richieste, corredate di Statuto in originale ed in traduzione italiana in tre copie, di bilancio preventivo per l\u2019esercizio finanziario 2020 e della relativa Relazione programmatica, dovranno pervenire entro e non oltre il giorno 25 maggio. A motivo dell\u2019assoluta urgenza della richiesta, il termine \u00e8 da considerarsi perentorio.<\/p>\n<p>Saranno prese in considerazione e inoltrate al Ministero degli Affari Esteri e della Cooperazione Internazionale, per le valutazioni di competenza, unicamente le richieste tempestivamente trasmesse che rispettino i requisiti di cui alla normativa sopracitata. Si fa presente che alla presentazione della candidatura non consegue il sorgere di un diritto soggettivo al suo accoglimento.<\/p>\n<p>Il Dirigente Scolastico Patrizia Magnasco, capo dell\u2019Ufficio Scuola di questa Ambasciata, resta a disposizione per fornire informazioni e chiarimenti ai soggetti potenzialmente interessati, nonch\u00e9 la modulistica da utilizzare per presentare la proposta: <a href=\"mailto:patrizia.magnasco@esteri.it\">patrizia.magnasco@esteri.it<\/a>.<\/p>\n","protected":false},"excerpt":{"rendered":"Si rende noto che, nel rispetto dei requisiti previsti dalla normativa italiana vigente in materia e, in particolare della Circolare 13\/2003, saranno valutate le richieste di Enti\/Associazioni senza fini di lucro, costituiti in base al diritto locale &#8211; che presentino proposte convincenti in termini di efficacia ed efficienza di intervento nella realizzazione di iniziative di [&hellip;]","protected":false},"author":1,"featured_media":0,"comment_status":"","ping_status":"","sticky":false,"template":"","format":"standard","meta":{"footnotes":""},"tags":[],"class_list":["post-903","post","type-post","status-publish","format-standard","hentry"],"_links":{"self":[{"href":"https:\/\/consriodejaneiro.esteri.it\/it\/wp-json\/wp\/v2\/posts\/903","targetHints":{"allow":["GET"]}}],"collection":[{"href":"https:\/\/consriodejaneiro.esteri.it\/it\/wp-json\/wp\/v2\/posts"}],"about":[{"href":"https:\/\/consriodejaneiro.esteri.it\/it\/wp-json\/wp\/v2\/types\/post"}],"author":[{"embeddable":true,"href":"https:\/\/consriodejaneiro.esteri.it\/it\/wp-json\/wp\/v2\/users\/1"}],"replies":[{"embeddable":true,"href":"https:\/\/consriodejaneiro.esteri.it\/it\/wp-json\/wp\/v2\/comments?post=903"}],"version-history":[{"count":0,"href":"https:\/\/consriodejaneiro.esteri.it\/it\/wp-json\/wp\/v2\/posts\/903\/revisions"}],"wp:attachment":[{"href":"https:\/\/consriodejaneiro.esteri.it\/it\/wp-json\/wp\/v2\/media?parent=903"}],"wp:term":[{"taxonomy":"post_tag","embeddable":true,"href":"https:\/\/consriodejaneiro.esteri.it\/it\/wp-json\/wp\/v2\/tags?post=903"}],"curies":[{"name":"wp","href":"https:\/\/api.w.org\/{rel}","templated":true}]}}