{"id":906,"date":"2018-11-23T13:20:46","date_gmt":"2018-11-23T12:20:46","guid":{"rendered":"https:\/\/consriodejaneiro.esteri.it\/news\/dal_consolato\/2018\/11\/mostra-san-francesco-nell-arte\/"},"modified":"2018-11-23T13:20:46","modified_gmt":"2018-11-23T12:20:46","slug":"mostra-san-francesco-nell-arte","status":"publish","type":"post","link":"https:\/\/consriodejaneiro.esteri.it\/it\/news\/dal_consolato\/2018\/11\/mostra-san-francesco-nell-arte\/","title":{"rendered":"Mostra &#8220;San Francesco nell&#8217;arte dei Maestri Italiani&#8221; presso MNBA di Rio de Janeiro"},"content":{"rendered":"<p>Poucos santos cat\u00f3licos possuem tanta resson\u00e2ncia ainda nos dias de hoje como S\u00e3o Francisco de Assis (Assis, 1182 \u2013 1126). Sua carism\u00e1tica ef\u00edgie, identificada com uma vida mais simples e frugal, continua inspirando o imagin\u00e1rio coletivo, mesmo s\u00e9culos ap\u00f3s sua morte.<\/p>\n<p>Agora, pela primeira vez uma importante iconografia dedicada ao religioso poder\u00e1 ser vista, a partir de 06 de novembro, no Museu Nacional de Belas Artes \/ Ibram \/ MinC, dentro da exposi\u00e7\u00e3o S\u00e3o Francisco na Arte de Mestres Italianos. Este valioso acervo de arte renascentista e barroca vai apresentar obras de mestres como Tiziano Vecellio, Perugino, Orazio Gentileschi, Guido Reni, Guercino, Carracci e Cigoli.<\/p>\n<p>Com 20 trabalhos produzidos entre os s\u00e9culos XV e XVII, a exibi\u00e7\u00e3o tem curadoria do especialista em Hist\u00f3ria da Arte, Giovanni Morello e do professor Stefano Papetti, diretor da Pinacoteca Civica Di Ascoli, na It\u00e1lia. Ambos prepararam uma exposi\u00e7\u00e3o na qual se poder\u00e1 apreciar nada menos do que as fases mais relevantes da representa\u00e7\u00e3o de S\u00e3o Francisco, por meio de telas que se integraram \u00e0 cultura local de toda uma \u00e9poca, repletas de valores art\u00edsticos, hist\u00f3ricos e simb\u00f3licos.<\/p>\n<p>Ampliando uma experi\u00eancia imersiva e \u00fanica, haver\u00e1 uma sala de Realidade Virtual, que vai transportar o visitante para a Bas\u00edlica Superior de Assis (1228), na It\u00e1lia, com o uso de \u00f3culos de tecnologia 3D. Ser\u00e1 poss\u00edvel caminhar por uma das mais importantes e belas bas\u00edlicas italianas e conhecer obras-primas do pintor italiano Giotto (1267-1337), artista s\u00edmbolo dos per\u00edodos medieval e pr\u00e9-renascentista.<\/p>\n<p>A mostra \u00e9 resultado de uma intensa colabora\u00e7\u00e3o entre as institui\u00e7\u00f5es brasileiras e italianas visando a promo\u00e7\u00e3o da arte e da cultura e o estreitamento das rela\u00e7\u00f5es entre os dois pa\u00edses.<\/p>\n<p>* * * * *<\/p>\n<p>Realiza\u00e7\u00e3o:<\/p>\n<p>Minist\u00e9rio da Cultura<\/p>\n<p>Embaixada da It\u00e1lia no Brasil<\/p>\n<p>Consulado Geral da It\u00e1lia no Rio de Janeiro<\/p>\n<p>Consulado Geral da It\u00e1lia em S\u00e3o Paulo<\/p>\n<p>Consulado da It\u00e1lia em Belo Horizonte<\/p>\n<p>Instituto Italiano de Cultura do Rio de Janeiro<\/p>\n<p>Instituto Italiano de Cultura de S\u00e3o Paulo<\/p>\n<p>Fiat \/ Casa Fiat<\/p>\n<p>Instituto Brasileiro de Museus<\/p>\n<p>Museu Nacional de Belas Artes<\/p>\n<p>Curadoria:<\/p>\n<p>Giovanni Morello<\/p>\n<p>Stefano Papetti<\/p>\n<p>Apoio:<\/p>\n<p>Revista Comunit\u00e0 Italiana<\/p>\n<p>* * * * *<\/p>\n<p>Mostra S\u00e3o Francisco na Arte de Mestres Italianos<\/p>\n<p>Data: de 06 de novembro a 27 de janeiro de 2019<\/p>\n<p>Horarios: de ter\u00e7a a sexta, das 10h \u00e0s 18h; s\u00e1bados, domingos e feriados, das 13h \u00e0s 18h<\/p>\n<p>Local: MNBA &#8211; Museu Nacional de Belas Artes &#8211; Av. Rio Branco, 199 &#8211; Centro<\/p>\n<p>Ingresso: Bilheteria. Entrada franca aos domingos.<\/p>\n","protected":false},"excerpt":{"rendered":"Poucos santos cat\u00f3licos possuem tanta resson\u00e2ncia ainda nos dias de hoje como S\u00e3o Francisco de Assis (Assis, 1182 \u2013 1126). Sua carism\u00e1tica ef\u00edgie, identificada com uma vida mais simples e frugal, continua inspirando o imagin\u00e1rio coletivo, mesmo s\u00e9culos ap\u00f3s sua morte. Agora, pela primeira vez uma importante iconografia dedicada ao religioso poder\u00e1 ser vista, a [&hellip;]","protected":false},"author":1,"featured_media":0,"comment_status":"","ping_status":"","sticky":false,"template":"","format":"standard","meta":{"footnotes":""},"tags":[],"class_list":["post-906","post","type-post","status-publish","format-standard","hentry"],"_links":{"self":[{"href":"https:\/\/consriodejaneiro.esteri.it\/it\/wp-json\/wp\/v2\/posts\/906","targetHints":{"allow":["GET"]}}],"collection":[{"href":"https:\/\/consriodejaneiro.esteri.it\/it\/wp-json\/wp\/v2\/posts"}],"about":[{"href":"https:\/\/consriodejaneiro.esteri.it\/it\/wp-json\/wp\/v2\/types\/post"}],"author":[{"embeddable":true,"href":"https:\/\/consriodejaneiro.esteri.it\/it\/wp-json\/wp\/v2\/users\/1"}],"replies":[{"embeddable":true,"href":"https:\/\/consriodejaneiro.esteri.it\/it\/wp-json\/wp\/v2\/comments?post=906"}],"version-history":[{"count":0,"href":"https:\/\/consriodejaneiro.esteri.it\/it\/wp-json\/wp\/v2\/posts\/906\/revisions"}],"wp:attachment":[{"href":"https:\/\/consriodejaneiro.esteri.it\/it\/wp-json\/wp\/v2\/media?parent=906"}],"wp:term":[{"taxonomy":"post_tag","embeddable":true,"href":"https:\/\/consriodejaneiro.esteri.it\/it\/wp-json\/wp\/v2\/tags?post=906"}],"curies":[{"name":"wp","href":"https:\/\/api.w.org\/{rel}","templated":true}]}}